{"id":32143,"date":"2023-07-26T04:48:00","date_gmt":"2023-07-26T04:48:00","guid":{"rendered":"https:\/\/chicagodesavanja.us\/zatvaranja-traka-na-autoputevima-dan-ryan-i-bishop-ford\/"},"modified":"2023-07-26T04:48:00","modified_gmt":"2023-07-26T04:48:00","slug":"zatvaranja-traka-na-autoputevima-dan-ryan-i-bishop-ford","status":"publish","type":"post","link":"https:\/\/chicagodesavanja.us\/en\/vesti\/zatvaranja-traka-na-autoputevima-dan-ryan-i-bishop-ford\/","title":{"rendered":"Najavljena zatvaranja traka na autoputevima Dan Ryan i Bishop Ford"},"content":{"rendered":"<p class=\"wp-block-paragraph\">Voza\u010dima koji planiraju putovati na autoputevima u oblasti \u010cikaga u sredu 26. jula, i \u010detvrtak 27. jula u ve\u010dernjim satima savetuje se oprez zbog najavljenog zatvaranja traka. Najavljena zamena saobra\u0107ajnih znakova \u0107e dovesti do zatvaranja traka na autoputevima Dan Ryan i Bishop Ford.<\/p>\n\n\n\n<p class=\"wp-block-paragraph\">Prema saop\u0161tenju zvani\u010dnika zatvaranja \u0107e po\u010deti na ulaznoj strani autoputa Dan Ryan u 23:00 sata po lokalnom vremenu u sredu 26. jula. Desna traka i rub autoputa zatvori\u0107e se u blizini 27. ulice kako bi se zamenili saobra\u0107ajni znakovi. Sve trake bi trebalo da se otvore u \u010detvrtak 27. jula ujutru do 5:00 sati.<\/p>\n\n\n\n<p class=\"wp-block-paragraph\">Izlazne trake autoputa Bishop Ford bi\u0107e zatvorene u 23:00 sata po lokalnom vremenu u \u010detvrtak 27. jula. Dve leve trake autoputa&nbsp; \u0107e se zatvoriti kod 103. ulice, i osta\u0107e zatvorene do 5:00 sati po lokalnom vremenu.<\/p>\n\n\n\n<p class=\"wp-block-paragraph\">Prema saop\u0161tenju za medije potpune obustave saobra\u0107aja po\u010de\u0107e u 1:00 sat ujutru. Voza\u010dima koji saobra\u0107aju na gore navedenim deonicama savetuje se dodatni oprez. Voza\u010di mogu o\u010dekivati ka\u0161njenja zbog najavljenih radova. Svim u\u010desnicima saobra\u0107aja na ovoj deonici savetuje se da potra\u017ee alternativne rute. Vi\u0161e informacija o najavljenim zatvaranjima mo\u017eete prona\u0107i na veb stranici IDOT-a<a href=\"https:\/\/idot.illinois.gov\/about-idot\/stay-connected\/news-releases\/current-construction-releases.html\" target=\"_blank\" rel=\"noreferrer noopener\"> ovde.<\/a><\/p>\n\n\n\n<p class=\"wp-block-paragraph\" style=\"font-size:10px\">SOURCE:<a href=\"https:\/\/www.nbcchicago.com\/news\/local\/overnight-lane-closures-coming-to-dan-ryan-bishop-ford-this-week\/3193893\/\" target=\"_blank\" rel=\"noreferrer noopener\"> NBC CHICAGO<\/a> | FOTO: NBC CHICAGO <\/p>","protected":false},"excerpt":{"rendered":"<p>Voza\u010dima koji planiraju putovati na autoputevima u oblasti \u010cikaga u sredu 26. jula, i \u010detvrtak 27. jula u ve\u010dernjim satima savetuje se oprez zbog najavljenog zatvaranja traka. Najavljena zamena saobra\u0107ajnih znakova \u0107e dovesti do zatvaranja traka na autoputevima Dan Ryan i Bishop Ford. Prema saop\u0161tenju zvani\u010dnika zatvaranja \u0107e po\u010deti na ulaznoj strani autoputa Dan Ryan [&hellip;]<\/p>\n","protected":false},"author":3,"featured_media":0,"comment_status":"","ping_status":"","sticky":false,"template":"","format":"standard","meta":{"footnotes":""},"categories":[368,653,369],"tags":[538,45433,45997,457,370,47632,568,5125,47633,28832,40993],"class_list":["post-32143","post","type-post","status-publish","format-standard","hentry","category-vesti-amerika","category-cikago","category-vesti","tag-amerika","tag-autoput-dan-ryan","tag-bishop-ford","tag-chicago","tag-cikago","tag-oprez","tag-sad","tag-saobracaj","tag-saobracajni-znakovi","tag-zatvaranje","tag-zatvaranje-puteva"],"_links":{"self":[{"href":"https:\/\/chicagodesavanja.us\/en\/wp-json\/wp\/v2\/posts\/32143","targetHints":{"allow":["GET"]}}],"collection":[{"href":"https:\/\/chicagodesavanja.us\/en\/wp-json\/wp\/v2\/posts"}],"about":[{"href":"https:\/\/chicagodesavanja.us\/en\/wp-json\/wp\/v2\/types\/post"}],"author":[{"embeddable":true,"href":"https:\/\/chicagodesavanja.us\/en\/wp-json\/wp\/v2\/users\/3"}],"replies":[{"embeddable":true,"href":"https:\/\/chicagodesavanja.us\/en\/wp-json\/wp\/v2\/comments?post=32143"}],"version-history":[{"count":0,"href":"https:\/\/chicagodesavanja.us\/en\/wp-json\/wp\/v2\/posts\/32143\/revisions"}],"wp:attachment":[{"href":"https:\/\/chicagodesavanja.us\/en\/wp-json\/wp\/v2\/media?parent=32143"}],"wp:term":[{"taxonomy":"category","embeddable":true,"href":"https:\/\/chicagodesavanja.us\/en\/wp-json\/wp\/v2\/categories?post=32143"},{"taxonomy":"post_tag","embeddable":true,"href":"https:\/\/chicagodesavanja.us\/en\/wp-json\/wp\/v2\/tags?post=32143"}],"curies":[{"name":"WP","href":"https:\/\/api.w.org\/{rel}","templated":true}]}}