{"id":32067,"date":"2023-07-31T05:22:00","date_gmt":"2023-07-31T05:22:00","guid":{"rendered":"https:\/\/chicagodesavanja.us\/puma-napala-decaka-u-nacionalnom-parku-majka-uspela-da-otera-zivotinju\/"},"modified":"2023-07-31T05:22:00","modified_gmt":"2023-07-31T05:22:00","slug":"puma-napala-decaka-u-nacionalnom-parku-majka-uspela-da-otera-zivotinju","status":"publish","type":"post","link":"https:\/\/chicagodesavanja.us\/en\/vesti\/puma-napala-decaka-u-nacionalnom-parku-majka-uspela-da-otera-zivotinju\/","title":{"rendered":"Puma napala de\u010daka u nacionalnom parku: Majka uspela da otera \u017eivotinju"},"content":{"rendered":"<p class=\"wp-block-paragraph\">Osmogodi\u0161nji de\u010dak lak\u0161e je povre\u0111en u napadu pume u Nacionalnom parku Olimpik u dr\u017eavi Va\u0161ington.<\/p>\n\n\n\n<p class=\"wp-block-paragraph\">Do napada je do\u0161lo u petak 28. jula, a puma je odustala od napada nakon \u0161to je majka de\u010daka vikala na nju, prenosi NBC.<\/p>\n\n\n\n<p class=\"wp-block-paragraph\">Povrede su bile lake, tako da je de\u010dak primljen u bolnicu samo radi pregleda.<\/p>\n\n\n\n<p class=\"wp-block-paragraph\">Osoblje parka je pokrenulo potragu za pumom, a ona bi trebalo da bude eutanizovana prema dugogodi\u0161njim smernicama, navela je slu\u017eba parka.<\/p>\n\n\n\n<p class=\"wp-block-paragraph\">Podru\u010dje gde je do\u0161lo do napada je evakuisano, kamperi koji su bili tu morali su da odu, a pristup je zabranjen do daljeg.&nbsp;<\/p>\n\n\n\n<p class=\"wp-block-paragraph\">Olimpik park, u blizini granice izme\u0111u SAD i Kanade, nalazi se oko 135 kilometara severozapadno od Sijetla.<\/p>\n\n\n\n<p class=\"wp-block-paragraph\" style=\"font-size:10px\">SOURCE: <a href=\"https:\/\/24sedam.rs\/svet\/vesti\/233636\/puma-napala-decaka-u-nacionalnom-parku\/vest\" target=\"_blank\" rel=\"noreferrer noopener\">24 SEVEN<\/a> FOTO: 24 SEDAM <\/p>","protected":false},"excerpt":{"rendered":"<p>Osmogodi\u0161nji de\u010dak lak\u0161e je povre\u0111en u napadu pume u Nacionalnom parku Olimpik u dr\u017eavi Va\u0161ington. Do napada je do\u0161lo u petak 28. jula, a puma je odustala od napada nakon \u0161to je majka de\u010daka vikala na nju, prenosi NBC. Povrede su bile lake, tako da je de\u010dak primljen u bolnicu samo radi pregleda. Osoblje parka [&hellip;]<\/p>\n","protected":false},"author":3,"featured_media":0,"comment_status":"","ping_status":"","sticky":false,"template":"","format":"standard","meta":{"wpai_generated_summary":"","footnotes":""},"categories":[368,369],"tags":[538,3353,13695,43950,47540,47541,568],"class_list":["post-32067","post","type-post","status-publish","format-standard","hentry","category-vesti-amerika","category-vesti","tag-amerika","tag-dete","tag-majka","tag-nacionalni-park","tag-napad-pume","tag-puma","tag-sad"],"_links":{"self":[{"href":"https:\/\/chicagodesavanja.us\/en\/wp-json\/wp\/v2\/posts\/32067","targetHints":{"allow":["GET"]}}],"collection":[{"href":"https:\/\/chicagodesavanja.us\/en\/wp-json\/wp\/v2\/posts"}],"about":[{"href":"https:\/\/chicagodesavanja.us\/en\/wp-json\/wp\/v2\/types\/post"}],"author":[{"embeddable":true,"href":"https:\/\/chicagodesavanja.us\/en\/wp-json\/wp\/v2\/users\/3"}],"replies":[{"embeddable":true,"href":"https:\/\/chicagodesavanja.us\/en\/wp-json\/wp\/v2\/comments?post=32067"}],"version-history":[{"count":0,"href":"https:\/\/chicagodesavanja.us\/en\/wp-json\/wp\/v2\/posts\/32067\/revisions"}],"wp:attachment":[{"href":"https:\/\/chicagodesavanja.us\/en\/wp-json\/wp\/v2\/media?parent=32067"}],"wp:term":[{"taxonomy":"category","embeddable":true,"href":"https:\/\/chicagodesavanja.us\/en\/wp-json\/wp\/v2\/categories?post=32067"},{"taxonomy":"post_tag","embeddable":true,"href":"https:\/\/chicagodesavanja.us\/en\/wp-json\/wp\/v2\/tags?post=32067"}],"curies":[{"name":"WP","href":"https:\/\/api.w.org\/{rel}","templated":true}]}}