{"id":32013,"date":"2023-08-03T05:55:54","date_gmt":"2023-08-03T05:55:54","guid":{"rendered":"https:\/\/chicagodesavanja.us\/vasilije-kovacev-malo-je-onih-koji-za-umetnost-zele-da-daju-sebe\/"},"modified":"2023-08-03T05:55:54","modified_gmt":"2023-08-03T05:55:54","slug":"vasilije-kovacev-malo-je-onih-koji-za-umetnost-zele-da-daju-sebe","status":"publish","type":"post","link":"https:\/\/chicagodesavanja.us\/en\/vesti\/vasilije-kovacev-malo-je-onih-koji-za-umetnost-zele-da-daju-sebe\/","title":{"rendered":"Vasilije Kova\u010dev, umetnik: \u201cSvi \u017eele da budu poznati, a malo je njih koji za umetnost \u017eele da iskonski daju sebe\u201d"},"content":{"rendered":"<p class=\"wp-block-paragraph\">Biti umetnik zna\u010di nositi u sebi posebnu energiju i emociju i umeti da je prenese\u0161 publici na iskren i kreativan na\u010din. Na\u0161 sagovornik, Vasilije Kova\u010dev je upravo jedan takav vi\u0161estruko talentovani umetnik ro\u0111en u Zrenjaninu, koji je srednju umetni\u010dku \u0161kolu zavr\u0161io u Novom Sadu. \u0160kolovanje nastavlja na Fakultetu primenjenih umetnosti u Beogradu, kao diplomirani modni dizajner. Nekoliko godina predavao je u srednjoj umetni\u010dkoj \u0161koli u Novom Sadu, a zatim i na Tehni\u010dkom fakultetu &#8222;Mihajlo Pupin&#8220; u Zrenjaninu.<\/p>\n\n\n\n<p class=\"wp-block-paragraph\">Od 2006 godine Vasilije se bavi autorskom modom, a sa obzirom na brojne izlo\u017ebe mo\u017eemo re\u0107i da je u svetu mode imao vrlo uspe\u0161nu karijeru. Izlagao je na svim srpskim modnim manifestacijama, Beograd Fashion Week, Fashion selection i Serbia Fashion Week ali je svoje revije imao i po inostranstvu od Crne Gore, Rumunije, Pariza pa sve do Njujorka gde je imao dve izlo\u017ebe na NewYork Fashion Week-u. Sada, Vasilije Kova\u010dev \u017eivi u Americi gde se prona\u0161ao u likovnoj umetnosti iskazuju\u0107i svoja najdublja ose\u0107anja kroz slike koje su ekspresionisti\u010dke i apstraktne.<\/p>\n\n\n\n<p class=\"wp-block-paragraph\"><em>Vasilije, kako ste odlu\u010dili da se preselite u Ameriku pored bogate karijere modnog dizajnera koju ste uspe\u0161no gradili i na Balkanu?<\/em><\/p>\n\n\n\n<p class=\"wp-block-paragraph\">Oduvek sam \u017eeleo da odem u Ameriku i zbog toga sam&nbsp; dodatno ulagao u svoju karijeru, da imam dve revije na NewYork Fashion Week-u \u0161to je kruna u mojoj karijeri koja mi je dala krila da vidim da li je \u017eivot u Americi za mene. Kada sam se vratio u Srbiju, nakon prekida radnog odnosa na fakultetu, shvatio sam da nemam vi\u0161e prostora za kalkulacije i da je vreme da se preselim u Njujork u koji sam se zaljubio na prvi pogled. Dobio sam informacije od svojih prijatelja kakve su mi mogu\u0107nosti da do\u0111em u Ameriku i na koji na\u010din mogu da ostvarim svoja prava. Celokupna moja karijera je stavljena na papir i ja sam aplicirao za <em>Green card Extraordinary Ability<\/em>, to je zelena karta koju Amerika daje za ljude iz sveta umetnosti i sporta, a koji su ostvarili visoke rezultate u svojoj profesiji. Ja sam u Njujork stigao u februaru 2020 godine, odnosno mesec ipo dana pre <em>lockdown-a<\/em>. Ta prva godina u Njujorku, sa obzirom na pandemiju za mene je bila vrlo turbulentna jer sam morao da se bavim dokumentacijom dok sam zvani\u010dno u zemlji, a zbog pandemije je sve stalo. Sama situacija je od mene zahtevala da budem strpljiv i pristanem na razli\u010dite vrste poslova, poput keteringa kako bih obezbedio finansije za po\u010detni period boravka u Njujorku jer je sa pandemijom skoro sve bilo zatvoreno. U svom tom ludilu centrifuge \u017eivota, na unutra\u0161njem i na spolja\u0161njem planu, bio sam prisiljen da se suo\u010dim sa samim sobom i u jednom momentu mi se dogodila \u201eeksplozija\u201c emocija i kreativnosti koja me je navela da krenem ponovo da crtam i slikam. Nakon tri godine \u017eivota u Njujorku, odlu\u010dio sam da se preselim u Majami i tamo nastavim svoju karijeru.<\/p>\n\n\n\n<p class=\"wp-block-paragraph\"><em>Koliko dugo se bavite slikanjem, da li je to hobi ili je sada slikanje Va\u0161a glavna profesija?<\/em><\/p>\n\n\n\n<p class=\"wp-block-paragraph\">Kako sam zavr\u0161io srednju umetni\u010dku \u0161kolu, ja se zapravo bavim slikanjem ceo svoj \u017eivot. \u010cak smo i na fakultetu imali predmete vezane za crtanje i slikanje. Iako sam to voleo, vi\u0161e sam slikao na primer nekome za poklon. Kroz ovaj te\u017eak period pod pandemijom korona virusa u meni se dogodio taj neki povratak samom sebi. Duboko suo\u010davanje sa samim sobom i razmi\u0161ljanje \u0161ta ja to imam da dam svetu na na\u010din kako sam to \u010dinio kroz modu, zato \u0161to sam ja kroz svaku svoju kolekciju pri\u010dao neku svoju emotivnu i kreativnu pri\u010du, dovelo me je do \u017eelje da ponovo slikam i iska\u017eem sebe kroz likovnu umetnost. Provode\u0107i dane u stanu u Njujorku za vreme lockdown-a krenuo sam opet da slikam i da emocije koje sam do\u017eivljavao upoznavanjem grada prenesem na platno i odlu\u010dim se za profesiju umetnika, odnosno slikara.<\/p>\n\n\n\n<figure class=\"wp-block-image size-full is-resized\"><img loading=\"lazy\" decoding=\"async\" src=\"https:\/\/aktuelnosti.us\/wp-content\/uploads\/2023\/08\/IMG_20230731_165842_302-1.jpg\" alt=\"\" class=\"wp-image-130699\" width=\"702\" height=\"828\" \/><figcaption class=\"wp-element-caption\"><em>Vasilije Kova\u010dev, Foto: Privatna arhiva<\/em><\/figcaption><\/figure>\n\n\n\n<p class=\"wp-block-paragraph\"><em>Da li je sada slikanje Va\u0161 poziv koji isklju\u010duje karijeru modnog dizajnera ili pronalazite na\u010din da ove dve umetnosti spojite ?<\/em><\/p>\n\n\n\n<p class=\"wp-block-paragraph\">Ja ne mogu da ka\u017eem da se mode potpuno odri\u010dem, ali sada sebe u tom svetu ne vidim. Trenutno ja sam vi\u0161e modni analiti\u010dar nego dizajner jer se u poslednje tri godine aktivno bavim slikarstvom. Na modu se gleda kao na biznis i modom se danas mo\u017eete baviti ukoliko imate finansije koje to podr\u017eavaju dok je kreativnost diskutabilna. Ono \u010dime sada \u017eelim da se bavim i gde zapravo vidim sebe jeste slikarstvo. U slikarstvu sam na\u0161ao neki svoj smisao, a u Njujorku sam imao i svoju prvu izlo\u017ebu slika. Konzulat Srbije u Njujorku mi je ustupio prostor i pomogao da pro\u0161le godine realizujem svoju prvu izlo\u017ebu slika pod nazivom \u201e\u010cuvari svetova\u201c.<\/p>\n\n\n\n<p class=\"wp-block-paragraph\"><em>Recite nam ne\u0161to vi\u0161e o Va\u0161oj izlo\u017ebi slika \u201e\u010cuvari svetova\u201c. Kakvu poruku nose Va\u0161e slike?<\/em><\/p>\n\n\n\n<p class=\"wp-block-paragraph\">Skup slika koje \u010dine moju izlo\u017ebu \u201e\u010cuvari svetova\u201c predstavljen je sa tom jednom vode\u0107om slikom \u201ePet \u010duvara\u201c koji u stvari \u010duvaju sve nas. Sve slike vezane su za elemente zemlja, voda, vazduh, sunce i sve je u vezi sa pri\u010dom koju svakodnevno \u017eivimo da je dobro pobedilo i da \u0107e uvek pobediti zlo, apropo cele situacije sa pandemijom korona virusa koju smo svi pre\u017eiveli. Dalje se nastavlja prvom slikom koja simbolizuje konekciju svih nas sa samim sobom, a zatim sa slikama gde svaka pojedina\u010dno predstavlja jedan svet. Na primer, svet du\u0161a, svet jezera, svet ptica i sve one negde u sebi imaju taj svoj krug koji zapravo postoji u svakom pojedincu i koji svaki pojedinac opa\u017ea na svoj na\u010din. Zamislio sam izlo\u017ebu tako da su sve slike objedinjene u jednu celinu \u201e\u010cuvari svetova\u201c.<\/p>\n\n\n\n<figure class=\"wp-block-image size-large\"><img decoding=\"async\" src=\"https:\/\/aktuelnosti.us\/wp-content\/uploads\/2023\/08\/IMG-c3cf92228f16b587a9de5f1ed0db54ed-V-948x1024.jpg\" alt=\"\" class=\"wp-image-130700\" \/><figcaption class=\"wp-element-caption\"><em>Foto: Izlo\u017eba slika<\/em><\/figcaption><\/figure>\n\n\n\n<p class=\"wp-block-paragraph\"><em>Sa obzirom da je u modi taj finansijski momenat jako bitan, da li mo\u017eete da napravite paralelu sa slikarstvom?<\/em><\/p>\n\n\n\n<p class=\"wp-block-paragraph\">Mislim da iskonski umetnik nikada ne\u0107e sebi dozvoliti da posustane i ode u komercijalno bez obzira na to kojim se vidom umetnosti bavi. Prihvatam da pravi umetnik mo\u017ee da koketira, ali on se ne\u0107e predati zahtevima drugih ve\u0107 se mo\u017eda na neki na\u010din malo prilagoditi tr\u017ei\u0161tu ali opet ostati svoj. Kada na red do\u0111e novac ukloiko kreativno niste jaki sa samim sobom, ne\u0107ete mo\u0107i da vladate situacijom jer ste povu\u010deni finansijama i mi\u0161ljenjima drugih. Na taj na\u010din gubite tu iskonsku kreativnost u sebi i predajete se tr\u017ei\u0161tu koje je \u010desto surovo u svetu umetnosti. Slikanje je za mene umetnost koja \u010dini da budem u skladu sa sobom i da dam najbolje od sebe ovom svetu. Moda kao da je prosto nestala i kao da je oti\u0161la sa egom. Biti u modi to je primamljivo, tu su reflektori i ceo taj sjaj modne scene, ali opet sve to nije moda. Svi sebe \u017eele da vide na kraju piste i da se poklone publici, to je ta povr\u0161nost dana\u0161njeg sveta. Da bi ste do toga stigli vi morate biti ozbiljan radnik dok ne stvorite tu svoju kolekciju. Najlep\u0161i deo je da crtate va\u0161u kolekciju, zatim drugi i te\u017ei deo je tra\u017eenje materijala, pa zatim ide saradnja sa kroja\u010dima i konstruktorima, a tek zatim prezentacija. Na kraju vodite i borbu sa medijima i naravno finansijama jer treba sve to izgurati. Danas, mladi ljudi nisu svesni procesa stvaranja jedne modne kolekcije, oni vide sebe kao velike kreatore koje \u0107e mediji obo\u017eavati. Svi \u017eele da budu poznati, a malo je njih koji za umetnost \u017eele da iskonski daju sebe.<\/p>\n\n\n\n<p class=\"wp-block-paragraph\"><em>Da li ste mo\u017eda upravo kroz slikarstvo prona\u0161li bolju konekciju sa samim sobom sa obzirom na to da moda sa sobom nosi skroz druga\u010diju energiju?<\/em><\/p>\n\n\n\n<p class=\"wp-block-paragraph\">Da, upravo tako. Za mene je slikarstvo konekcija sa mirom, blagostanjem i mislim da je slikanje \u010dista ljubav dok bi svoj umetni\u010dki iskraz kroz modu opisao kao strast. A poznato nam je da u svemu \u0161to radimo strast koliko god da je privla\u010dna i jaka izjeda \u010doveka, u bilo kojoj \u017eivotnoj aktivnosti dok je ljubav ta emocija gde kroz davanje vi mo\u017eete da o\u010dekujete i pozitivan feedback.<\/p>\n\n\n\n<figure class=\"wp-block-image size-full is-resized\"><img loading=\"lazy\" decoding=\"async\" src=\"https:\/\/aktuelnosti.us\/wp-content\/uploads\/2023\/08\/IMG_20230731_170601_128-1.jpg\" alt=\"\" class=\"wp-image-130702\" width=\"720\" height=\"715\" \/><figcaption class=\"wp-element-caption\"><em>Foto: Privatna arhiva<\/em><\/figcaption><\/figure>\n\n\n\n<p class=\"wp-block-paragraph\"><em>Sa obzirom da ste se opredelili za slikarstvo kao svoj poziv kakvi su Vam dalji planovi za budu\u0107nost?<\/em><\/p>\n\n\n\n<p class=\"wp-block-paragraph\">Ovde je zaista sve mogu\u0107e, ako je \u010dovek fokusiran na cilj i radi na svojim planovima mo\u017eete da \u017eivite svoj ameri\u010dki san. Sada radim na novih 25 slika koje \u0107e predstavljati nastavak prethodne izlo\u017ebe. Cilj mi je da nastavim da sebe i svoje emocije iskazujem najbolje \u0161to mogu kroz likovnu umetnost, da posmatra\u010du pru\u017eim druga\u010diji uvid u su\u0161tinu i svet koji nas okru\u017euje. Kroz svoje slike trudim se da poka\u017eem da smo u su\u0161tini svi mi povezani nekim nevidljim nitima kroz \u017eivot pun isku\u0161enja koja nam poma\u017eu da sazremo. Takva i mnogo dublja razmi\u0161ljanja o su\u0161tini \u017eivota i ono \u0161ta smo mogu\u0107e je da iska\u017eem kroz svoje slike pre nego kroz modu gde je ipak forma bila dominantna. U kom pravcu \u0107e se dalje razvijati moje slikanje, sada ne bih mogao da ka\u017eem jer sam do\u0161ao do te svoje samospoznaje da sam zapravo umetnik, a na koji na\u010din \u0107u se izra\u017eavati mislim da to nisam potpuno definisao i da je slikanje samo jedan od na\u010dina na koji \u017eelim da izrazim sebe. Kada je \u010dovek kreativan on samo treba da prati svoj kreativan implus i mislim da nikada niste sigurni u kom pravcu \u0107e vas taj kreativni naboj odvesti da sebe prika\u017eete u najboljem svetlu.<\/p>\n\n\n\n<p class=\"wp-block-paragraph\">Vasilije Kova\u010dev, multitalntovani umetnik iz Majamija nam je kroz svoju \u017eivotnu pri\u010du zapravo dao uvid u jedan svet umetnosti i tr\u017ei\u0161te koje je vrlo \u010desto surovo i uti\u010de na samog umetnika. Kroz razgovor sa Vasilijem upoznali smo se sa njegovim radom u svetu mode ali i njegovom likovnom crtom, gde ovaj umetnik nimalo ne zaostaje po ostvarenom uspehu. Ukoliko je i vas privukla izlo\u017eba slika \u201e\u010cuvari svetova\u201c i po\u017eeleli ste bolje da se upoznate sa radom ovog umetnika, mo\u017eete posetiti njegov <a href=\"https:\/\/vasilijekovacev.com\/\" target=\"_blank\" rel=\"noreferrer noopener\">sajt<\/a> ili ga zapratiti putem njegovog <a href=\"https:\/\/www.instagram.com\/vasilijekovacev\/\" target=\"_blank\" rel=\"noreferrer noopener\">Instagram<\/a> i <a href=\"https:\/\/www.facebook.com\/vasilije.kovacev.50\/\" target=\"_blank\" rel=\"noreferrer noopener\">Facebook<\/a> profila.<\/p>\n\n\n\n<p class=\"wp-block-paragraph\" style=\"font-size:10px\">PI\u0160E: MARINA RAN\u010cI\u0106 I FOTO: PRIVATNA ARHIVA<\/p>","protected":false},"excerpt":{"rendered":"<p>Biti umetnik zna\u010di nositi u sebi posebnu energiju i emociju i umeti da je prenese\u0161 publici na iskren i kreativan na\u010din. Na\u0161 sagovornik, Vasilije Kova\u010dev je upravo jedan takav vi\u0161estruko talentovani umetnik ro\u0111en u Zrenjaninu, koji je srednju umetni\u010dku \u0161kolu zavr\u0161io u Novom Sadu. \u0160kolovanje nastavlja na Fakultetu primenjenih umetnosti u Beogradu, kao diplomirani modni [&hellip;]<\/p>\n","protected":false},"author":29,"featured_media":0,"comment_status":"","ping_status":"","sticky":false,"template":"","format":"standard","meta":{"wpai_generated_summary":"","footnotes":""},"categories":[368,599],"tags":[538,47473,647,20571,22789,47474,430,47475,449,12606,1861,47476,47477],"class_list":["post-32013","post","type-post","status-publish","format-standard","hentry","category-vesti-amerika","category-predstavljamo","tag-amerika","tag-cuvari-svetova","tag-majami","tag-moda","tag-modni-dizajner","tag-newyork-fashion-week","tag-njujork","tag-serbia-fashion-week","tag-slikanje","tag-slikar","tag-umetnost","tag-vasilije-kovacev","tag-zrenjanin"],"_links":{"self":[{"href":"https:\/\/chicagodesavanja.us\/en\/wp-json\/wp\/v2\/posts\/32013","targetHints":{"allow":["GET"]}}],"collection":[{"href":"https:\/\/chicagodesavanja.us\/en\/wp-json\/wp\/v2\/posts"}],"about":[{"href":"https:\/\/chicagodesavanja.us\/en\/wp-json\/wp\/v2\/types\/post"}],"author":[{"embeddable":true,"href":"https:\/\/chicagodesavanja.us\/en\/wp-json\/wp\/v2\/users\/29"}],"replies":[{"embeddable":true,"href":"https:\/\/chicagodesavanja.us\/en\/wp-json\/wp\/v2\/comments?post=32013"}],"version-history":[{"count":0,"href":"https:\/\/chicagodesavanja.us\/en\/wp-json\/wp\/v2\/posts\/32013\/revisions"}],"wp:attachment":[{"href":"https:\/\/chicagodesavanja.us\/en\/wp-json\/wp\/v2\/media?parent=32013"}],"wp:term":[{"taxonomy":"category","embeddable":true,"href":"https:\/\/chicagodesavanja.us\/en\/wp-json\/wp\/v2\/categories?post=32013"},{"taxonomy":"post_tag","embeddable":true,"href":"https:\/\/chicagodesavanja.us\/en\/wp-json\/wp\/v2\/tags?post=32013"}],"curies":[{"name":"WP","href":"https:\/\/api.w.org\/{rel}","templated":true}]}}