{"id":31592,"date":"2023-08-31T12:06:02","date_gmt":"2023-08-31T12:06:02","guid":{"rendered":"https:\/\/chicagodesavanja.us\/dva-ucenika-srednje-skole-south-elgin-poginula\/"},"modified":"2023-08-31T12:06:02","modified_gmt":"2023-08-31T12:06:02","slug":"dva-ucenika-srednje-skole-south-elgin-poginula","status":"publish","type":"post","link":"https:\/\/chicagodesavanja.us\/en\/vesti\/dva-ucenika-srednje-skole-south-elgin-poginula\/","title":{"rendered":"Dva u\u010denika srednje \u0161kole South Elgin poginula u saobrac\u0301ajnoj nesrec\u0301i"},"content":{"rendered":"<p class=\"wp-block-paragraph\">Dva u\u010denika srednje \u0161kole South Elgin poginula su u \u010detvrtak 31. avgusta ujutru u saobrac\u0301ajnoj nesre\u0107i. Policija je saop\u0161tila da su u nesrec\u0301i u\u010destvovali Honda Civic i kamion. Nesre\u0107a se dogodila na raskrsnici Illinois Route 25 i Keynon Road u 7:00 sati ujutro po lokalnom vremenu.<\/p>\n\n\n\n<p class=\"wp-block-paragraph\">Jedan od u\u010denika u automobilu Honda Civic poginuo je na licu mesta, a drugi u\u010denik je preminuo u bolnici, saop\u0161tila je policija. Voza\u010d i jo\u0161 jedan putnik u Honda Civic-u su hospitalizovani zajedno sa voza\u010dem kamiona.<\/p>\n\n\n\n<p class=\"wp-block-paragraph\"><\/p>\n\n\n\n<figure class=\"wp-block-embed is-type-rich is-provider-twitter wp-block-embed-twitter\"><div class=\"wp-block-embed__wrapper\">\n<blockquote class=\"twitter-tweet\" data-width=\"500\" data-dnt=\"true\"><p lang=\"en\" dir=\"ltr\">A crash investigation is underway in Bartlett. This dump truck rolled over at Route 25 at Kenyon Road after colliding with another vehicle. Route 25 is closed beteeen US 20 &amp; W. Bartlett Road TFN. Use Route 31 or Gifford Road. More at <a href=\"https:\/\/t.co\/vhbRxCdj7J\">https:\/\/t.co\/vhbRxCdj7J<\/a> <a href=\"https:\/\/t.co\/kXo2TsUBC6\">pic.twitter.com\/kXo2TsUBC6<\/a><\/p>&mdash; Kris Habermehl (@KrisHabermehl) <a href=\"https:\/\/x.com\/KrisHabermehl\/status\/1697254399746494675?ref_src=twsrc%5Etfw\">August 31, 2023<\/a><\/blockquote><script async src=\"https:\/\/platform.x.com\/widgets.js\" charset=\"utf-8\"><\/script>\n<\/div><\/figure>\n\n\n\n<p class=\"wp-block-paragraph\"><\/p>\n\n\n\n<p class=\"wp-block-paragraph\">\u0160kolski okrug je objavio saop\u0161tenje: &#8222;Te\u0161ka srca pi\u0161emo o gubitku u srednjoj \u0161koli South Elgin. \u010cetiri u\u010denika srednje \u0161kole jutros su u\u010destvovala u saobrac\u0301ajnoj nesrec\u0301i. Kako je saop\u0161tila policija dva u\u010denika su preminula, a jedan od u\u010denika je u kriti\u010dnom stanju. \u010cetvrti u\u010denik je zadobio povrede koje nisu opasne po \u017eivot. U ovom trenutku ne mo\u017eemo da delimo imena u\u010denika iz po\u0161tovanja prema porodicama. Na raspolaganju su \u0161kolski socijalni radnici i savetnici za podr\u0161ku u\u010denicima, osoblju i porodicama.&#8220;<\/p>\n\n\n\n<p class=\"wp-block-paragraph\">Za sada nisu objavljene dodatne informacije o uzroku nesre\u0107e.<\/p>\n\n\n\n<p class=\"wp-block-paragraph\" style=\"font-size:10px\">SOURCE: <a href=\"https:\/\/www.cbsnews.com\/chicago\/news\/two-south-elgin-high-school-students-killed-in-car-accident\/\" target=\"_blank\" rel=\"noopener\">CBS NEWS<\/a> | PHOTO: YOUTUBE<\/p>","protected":false},"excerpt":{"rendered":"<p>Dva u\u010denika srednje \u0161kole South Elgin poginula su u \u010detvrtak 31. avgusta ujutru u saobrac\u0301ajnoj nesre\u0107i. Policija je saop\u0161tila da su u nesrec\u0301i u\u010destvovali Honda Civic i kamion. Nesre\u0107a se dogodila na raskrsnici Illinois Route 25 i Keynon Road u 7:00 sati ujutro po lokalnom vremenu. Jedan od u\u010denika u automobilu Honda Civic poginuo je [&hellip;]<\/p>\n","protected":false},"author":3,"featured_media":0,"comment_status":"","ping_status":"","sticky":false,"template":"","format":"standard","meta":{"footnotes":""},"categories":[368,653,369],"tags":[538,457,370,568,46990,42338,24267,18796],"class_list":["post-31592","post","type-post","status-publish","format-standard","hentry","category-vesti-amerika","category-cikago","category-vesti","tag-amerika","tag-chicago","tag-cikago","tag-sad","tag-saobracajna-nesre","tag-smrtno-stradali","tag-srednja-skola","tag-ucenici"],"_links":{"self":[{"href":"https:\/\/chicagodesavanja.us\/en\/wp-json\/wp\/v2\/posts\/31592","targetHints":{"allow":["GET"]}}],"collection":[{"href":"https:\/\/chicagodesavanja.us\/en\/wp-json\/wp\/v2\/posts"}],"about":[{"href":"https:\/\/chicagodesavanja.us\/en\/wp-json\/wp\/v2\/types\/post"}],"author":[{"embeddable":true,"href":"https:\/\/chicagodesavanja.us\/en\/wp-json\/wp\/v2\/users\/3"}],"replies":[{"embeddable":true,"href":"https:\/\/chicagodesavanja.us\/en\/wp-json\/wp\/v2\/comments?post=31592"}],"version-history":[{"count":0,"href":"https:\/\/chicagodesavanja.us\/en\/wp-json\/wp\/v2\/posts\/31592\/revisions"}],"wp:attachment":[{"href":"https:\/\/chicagodesavanja.us\/en\/wp-json\/wp\/v2\/media?parent=31592"}],"wp:term":[{"taxonomy":"category","embeddable":true,"href":"https:\/\/chicagodesavanja.us\/en\/wp-json\/wp\/v2\/categories?post=31592"},{"taxonomy":"post_tag","embeddable":true,"href":"https:\/\/chicagodesavanja.us\/en\/wp-json\/wp\/v2\/tags?post=31592"}],"curies":[{"name":"WP","href":"https:\/\/api.w.org\/{rel}","templated":true}]}}