{"id":31585,"date":"2023-09-01T05:17:43","date_gmt":"2023-09-01T05:17:43","guid":{"rendered":"https:\/\/chicagodesavanja.us\/nije-mogla-da-gleda-nasilje-nad-majkom-devojcica-10-izbola-muskarca\/"},"modified":"2023-09-01T05:17:43","modified_gmt":"2023-09-01T05:17:43","slug":"nije-mogla-da-gleda-nasilje-nad-majkom-devojcica-10-izbola-muskarca","status":"publish","type":"post","link":"https:\/\/chicagodesavanja.us\/en\/vesti\/nije-mogla-da-gleda-nasilje-nad-majkom-devojcica-10-izbola-muskarca\/","title":{"rendered":"Nije mogla da gleda nasilje nad majkom: Devoj\u010dica (10) izbola mu\u0161karca!"},"content":{"rendered":"<p class=\"wp-block-paragraph\">Policijska istraga je pokrenuta od strane vlasti u saveznoj dr\u017eavi Teksas nakon \u0161to je desetogodi\u0161nja devoj\u010dica izbola mu\u0161karca koji je napao njenu majku, izve\u0161tava &#8222;USA Today&#8220;.<\/p>\n\n\n\n<p class=\"wp-block-paragraph\">\u0160erif okruga Haris, Ed Gonzalez, je obelodanio da su slu\u017ebenici iz njegove jedinice intervenisali na poziv iz stambenog kompleksa na severu Hjustona, gde su prona\u0161li mu\u0161karca sa ubodima u nogama.<\/p>\n\n\n\n<p class=\"wp-block-paragraph\">Preliminarna istraga je otkrila da je 10-godi\u0161nje dete intervenisalo i ubolo mu\u0161karca koji je fizi\u010dki napao njenu majku &#8211;&nbsp;rekao je Gonzales.<\/p>\n\n\n\n<p class=\"wp-block-paragraph\">Povre\u0111eno mu\u0161karac je preba\u010den u bolnicu na le\u010denje zbog ubodne rane, rekao je \u0161erif i dodao da je on &#8222;u dobrom stanju&#8220;.<\/p>\n\n\n\n<p class=\"wp-block-paragraph\">U\u017easna situacija za 10-godi\u0161nju devoj\u010dicu koju mora da svedo\u010di &#8211;\u00a0objavio je Gonzales na Tviteru.<\/p>\n\n\n\n<p class=\"wp-block-paragraph\" style=\"font-size:10px\">SOURCE: <a href=\"https:\/\/24sedam.rs\/svet\/vesti\/240670\/devojcica-10-izbola-muskarca-jer-je-napao-njenu-majku\/vest\" target=\"_blank\" rel=\"noopener\">24 SEVEN<\/a> PHOTO: YOUTUBE SCREENSHOT <\/p>","protected":false},"excerpt":{"rendered":"<p>Policijska istraga je pokrenuta od strane vlasti u saveznoj dr\u017eavi Teksas nakon \u0161to je desetogodi\u0161nja devoj\u010dica izbola mu\u0161karca koji je napao njenu majku, izve\u0161tava &#8222;USA Today&#8220;. \u0160erif okruga Haris, Ed Gonzalez, je obelodanio da su slu\u017ebenici iz njegove jedinice intervenisali na poziv iz stambenog kompleksa na severu Hjustona, gde su prona\u0161li mu\u0161karca sa ubodima u [&hellip;]<\/p>\n","protected":false},"author":3,"featured_media":0,"comment_status":"","ping_status":"","sticky":false,"template":"","format":"standard","meta":{"wpai_generated_summary":"","footnotes":""},"categories":[368,369],"tags":[538,40275,13695,1161,568,2386],"class_list":["post-31585","post","type-post","status-publish","format-standard","hentry","category-vesti-amerika","category-vesti","tag-amerika","tag-devojcica","tag-majka","tag-policija","tag-sad","tag-teksas"],"_links":{"self":[{"href":"https:\/\/chicagodesavanja.us\/en\/wp-json\/wp\/v2\/posts\/31585","targetHints":{"allow":["GET"]}}],"collection":[{"href":"https:\/\/chicagodesavanja.us\/en\/wp-json\/wp\/v2\/posts"}],"about":[{"href":"https:\/\/chicagodesavanja.us\/en\/wp-json\/wp\/v2\/types\/post"}],"author":[{"embeddable":true,"href":"https:\/\/chicagodesavanja.us\/en\/wp-json\/wp\/v2\/users\/3"}],"replies":[{"embeddable":true,"href":"https:\/\/chicagodesavanja.us\/en\/wp-json\/wp\/v2\/comments?post=31585"}],"version-history":[{"count":0,"href":"https:\/\/chicagodesavanja.us\/en\/wp-json\/wp\/v2\/posts\/31585\/revisions"}],"wp:attachment":[{"href":"https:\/\/chicagodesavanja.us\/en\/wp-json\/wp\/v2\/media?parent=31585"}],"wp:term":[{"taxonomy":"category","embeddable":true,"href":"https:\/\/chicagodesavanja.us\/en\/wp-json\/wp\/v2\/categories?post=31585"},{"taxonomy":"post_tag","embeddable":true,"href":"https:\/\/chicagodesavanja.us\/en\/wp-json\/wp\/v2\/tags?post=31585"}],"curies":[{"name":"WP","href":"https:\/\/api.w.org\/{rel}","templated":true}]}}