{"id":31484,"date":"2023-09-08T05:06:00","date_gmt":"2023-09-08T05:06:00","guid":{"rendered":"https:\/\/chicagodesavanja.us\/dani-postaju-primetno-kraci-u-cikagu\/"},"modified":"2023-09-08T05:06:00","modified_gmt":"2023-09-08T05:06:00","slug":"dani-postaju-primetno-kraci-u-cikagu","status":"publish","type":"post","link":"https:\/\/chicagodesavanja.us\/en\/vesti\/dani-postaju-primetno-kraci-u-cikagu\/","title":{"rendered":"Dani postaju primetno kra\u0107i u \u010cikagu, jesenja ravnodnevnica nastupa 23. septembra"},"content":{"rendered":"<p class=\"wp-block-paragraph\">Dani postaju primetno kra\u0107i u \u010cikagu, a grad \u0107e dosti\u0107i zna\u010dajnu prekretnicu u promeni vremenskih prilika u narednim nedeljama. Zalazak sunca je u \u010detvrtak 7. septembra u \u010cikagu bio u 19:14 \u010dasova po lokalnom vremenu. Grad je u \u010detvrtak 7. septembra imao ne\u0161to manje od 13 sati sun\u010deve svetlosti.<\/p>\n\n\n\n<p class=\"wp-block-paragraph\">Jesenja ravnodnevica nastupa 23. septembra, ali \u0107e jo\u0161 jedna prekretnica nastupiti osam dana pre toga. Sunce \u0107e za\u0107i poslednji put u 2023. godini posle 19:00 \u010dasova po lokalnom vremenu 15. septembra. Zalazak sunca ne\u0107e nastupiti posle 19:00 \u010dasova do 17. marta 2024. godine, \u0161to \u0107e tako\u0111e biti i prvi dan u 2024. godini sa vi\u0161e od 12 sati dnevnog svetla.<\/p>\n\n\n\n<p class=\"wp-block-paragraph\">Ova konkretna prekretnica tako\u0111e zna\u010di da \u0107e gra\u0111ani imati manje od 12 sati sun\u010deve svetlosti 26. septembra, prema astronomima. Do kraja meseca septembra sunce \u0107e zalaziti ne\u0161to posle 18:30 \u010dasova po lokalnom vremenu, a izlazak \u0107e biti oko 6:45 \u010dasova.<\/p>\n\n\n\n<p class=\"wp-block-paragraph\">Najraniji zalazak sunca u 2023. godini nastupi\u0107e po\u010detkom decembra, kada \u0107e sunce za\u0107i ispod horizonta oko 16:19 \u010dasova po lokalnom vremenu. Najmanja koli\u010dina dnevne svetlosti bi\u0107e 21. decembra, sa manje od devet sati i osam minuta sun\u010deve svetlosti u \u010cikagu. Dani \u0107e po\u010deti da se produ\u017eavaju, polako ali sigurno, nakon 21. decembra.<\/p>\n\n\n\n<p class=\"wp-block-paragraph\" style=\"font-size:10px\">SOURCE: <a href=\"https:\/\/www.nbcchicago.com\/news\/local\/chicago-will-hit-key-milestone-in-march-toward-winter-this-month\/3223302\/\" target=\"_blank\" rel=\"noopener\">NBC CHICAGO<\/a> | PHOTO: YOUTUBE<\/p>","protected":false},"excerpt":{"rendered":"<p>Dani postaju primetno kra\u0107i u \u010cikagu, a grad \u0107e dosti\u0107i zna\u010dajnu prekretnicu u promeni vremenskih prilika u narednim nedeljama. Zalazak sunca je u \u010detvrtak 7. septembra u \u010cikagu bio u 19:14 \u010dasova po lokalnom vremenu. Grad je u \u010detvrtak 7. septembra imao ne\u0161to manje od 13 sati sun\u010deve svetlosti. Jesenja ravnodnevica nastupa 23. septembra, ali [&hellip;]<\/p>\n","protected":false},"author":3,"featured_media":0,"comment_status":"","ping_status":"","sticky":false,"template":"","format":"standard","meta":{"footnotes":""},"categories":[368,653,369],"tags":[538,457,370,44681,20059,21753,33447,568,44764],"class_list":["post-31484","post","type-post","status-publish","format-standard","hentry","category-vesti-amerika","category-cikago","category-vesti","tag-amerika","tag-chicago","tag-cikago","tag-dnevno-svetlo","tag-jesen","tag-jesenja-ravnodnevnica","tag-najkraci-dan","tag-sad","tag-zimska-sezona"],"_links":{"self":[{"href":"https:\/\/chicagodesavanja.us\/en\/wp-json\/wp\/v2\/posts\/31484","targetHints":{"allow":["GET"]}}],"collection":[{"href":"https:\/\/chicagodesavanja.us\/en\/wp-json\/wp\/v2\/posts"}],"about":[{"href":"https:\/\/chicagodesavanja.us\/en\/wp-json\/wp\/v2\/types\/post"}],"author":[{"embeddable":true,"href":"https:\/\/chicagodesavanja.us\/en\/wp-json\/wp\/v2\/users\/3"}],"replies":[{"embeddable":true,"href":"https:\/\/chicagodesavanja.us\/en\/wp-json\/wp\/v2\/comments?post=31484"}],"version-history":[{"count":0,"href":"https:\/\/chicagodesavanja.us\/en\/wp-json\/wp\/v2\/posts\/31484\/revisions"}],"wp:attachment":[{"href":"https:\/\/chicagodesavanja.us\/en\/wp-json\/wp\/v2\/media?parent=31484"}],"wp:term":[{"taxonomy":"category","embeddable":true,"href":"https:\/\/chicagodesavanja.us\/en\/wp-json\/wp\/v2\/categories?post=31484"},{"taxonomy":"post_tag","embeddable":true,"href":"https:\/\/chicagodesavanja.us\/en\/wp-json\/wp\/v2\/tags?post=31484"}],"curies":[{"name":"WP","href":"https:\/\/api.w.org\/{rel}","templated":true}]}}