{"id":31427,"date":"2023-09-11T13:31:02","date_gmt":"2023-09-11T13:31:02","guid":{"rendered":"https:\/\/chicagodesavanja.us\/11-septembra-2001-godine-3-000-ljudi-ubijeno\/"},"modified":"2023-09-11T13:31:02","modified_gmt":"2023-09-11T13:31:02","slug":"11-septembra-2001-godine-3-000-ljudi-ubijeno","status":"publish","type":"post","link":"https:\/\/chicagodesavanja.us\/en\/vesti\/11-septembra-2001-godine-3-000-ljudi-ubijeno\/","title":{"rendered":"Zajednice u oblasti \u010cikaga obele\u017eavaju 11. septembar"},"content":{"rendered":"<p class=\"wp-block-paragraph\">11. septembra 2001. godine skoro 3.000 ljudi je ubijeno kada je 19 otmi\u010dara Al-Qaida-e preuzelo kontrolu nad \u010detiri aviona. Dva oteta aviona udarila su u Svetski trgovinski centar u Njujorku, jedan u Pentagon, i \u010detvrti u polje u zapadnoj Pensilvaniji.<\/p>\n\n\n\n<p class=\"wp-block-paragraph\">Ameri\u010dki gra\u0111ani se 11. septembra prise\u0107aju svojih sugra\u0111ana koji su nastradali. U ponedeljak 11. septembra gra\u0111ani \u0107e se okupljati na spomen obele\u017ejima, u vatrogasnim domovima, gradskim ve\u0107nicama i drugde da bi obele\u017eili 22. godi\u0161njicu najsmrtonosnijeg teroristi\u010dkog napada na tlu SAD-a.<\/p>\n\n\n\n<p class=\"wp-block-paragraph\"><strong>Aurora<\/strong><\/p>\n\n\n\n<p class=\"wp-block-paragraph\">Vatrogasna i policijska uprava Aurora odr\u017eala je godi\u0161nju memorijalnu ceremoniju 11. septembra u 7:30 sati ujutru u Centralnoj vatrogasnoj stanici.<\/p>\n\n\n\n<p class=\"wp-block-paragraph\"><strong>Chicago<\/strong><\/p>\n\n\n\n<p class=\"wp-block-paragraph\">Gradona\u010delnik Johnson prisustvovao je memorijalnoj ceremoniji Vatrogasne slu\u017ebe \u010cikaga 9\/11 u 7:35 sati ujutru.<\/p>\n\n\n\n<p class=\"wp-block-paragraph\"><strong>Elgin<\/strong><\/p>\n\n\n\n<p class=\"wp-block-paragraph\">U Elgin-u je odr\u017eana godi\u0161nja ceremonija se\u0107anja u 9:00 \u010dasova po lokalnom vremenu u Kulturnom centru Hemmens.<\/p>\n\n\n\n<p class=\"wp-block-paragraph\"><strong>Naperville<\/strong><\/p>\n\n\n\n<p class=\"wp-block-paragraph\">Godi\u0161nja ceremonija 11. septembar u Naperville-u po\u010dinje u 18:00 \u010dasova u Cmdr. Dan Shanower Memorial-u.<\/p>\n\n\n\n<p class=\"wp-block-paragraph\"><strong>Northfield<\/strong><\/p>\n\n\n\n<p class=\"wp-block-paragraph\">Ceremonija se\u0107anja odr\u017eana je u 8:30 \u010dasova po lokalnom vremenu u vatrogasnoj ustanovi.<\/p>\n\n\n\n<p class=\"wp-block-paragraph\"><strong>Malcom X College<\/strong><\/p>\n\n\n\n<p class=\"wp-block-paragraph\">Ceremonija se\u0107anja odr\u017eana je u &nbsp;8:30 \u010dasova po lokalnom vremenu.<\/p>\n\n\n\n<p class=\"wp-block-paragraph\"><strong>Oak Lawn<\/strong><\/p>\n\n\n\n<p class=\"wp-block-paragraph\">U 9:11 \u010dasova po lokalnom vremenu odr\u017eana je ceremonija se\u0107anja na 11. septembra u Patriot Station-u.<\/p>\n\n\n\n<p class=\"wp-block-paragraph\" style=\"font-size:10px\">SOURCE:<a href=\"https:\/\/www.nbcchicago.com\/news\/local\/chicago-area-communities-hold-9-11-memorials-remembrance-ceremonies\/3224991\/\" target=\"_blank\" rel=\"noopener\"> NBC CHICAGO <\/a>| PHOTO: YOUTUBE<\/p>","protected":false},"excerpt":{"rendered":"<p>11. septembra 2001. godine skoro 3.000 ljudi je ubijeno kada je 19 otmi\u010dara Al-Qaida-e preuzelo kontrolu nad \u010detiri aviona. Dva oteta aviona udarila su u Svetski trgovinski centar u Njujorku, jedan u Pentagon, i \u010detvrti u polje u zapadnoj Pensilvaniji. Ameri\u010dki gra\u0111ani se 11. septembra prise\u0107aju svojih sugra\u0111ana koji su nastradali. U ponedeljak 11. septembra [&hellip;]<\/p>\n","protected":false},"author":3,"featured_media":0,"comment_status":"","ping_status":"","sticky":false,"template":"","format":"standard","meta":{"footnotes":""},"categories":[368,653,369],"tags":[22395,46806,538,457,370,46807,568,33214,18938,13412],"class_list":["post-31427","post","type-post","status-publish","format-standard","hentry","category-vesti-amerika","category-cikago","category-vesti","tag-11-septembar","tag-11-septembra-2001-godine","tag-amerika","tag-chicago","tag-cikago","tag-komemoracija","tag-sad","tag-secanje","tag-terorizam","tag-zrtve"],"_links":{"self":[{"href":"https:\/\/chicagodesavanja.us\/en\/wp-json\/wp\/v2\/posts\/31427","targetHints":{"allow":["GET"]}}],"collection":[{"href":"https:\/\/chicagodesavanja.us\/en\/wp-json\/wp\/v2\/posts"}],"about":[{"href":"https:\/\/chicagodesavanja.us\/en\/wp-json\/wp\/v2\/types\/post"}],"author":[{"embeddable":true,"href":"https:\/\/chicagodesavanja.us\/en\/wp-json\/wp\/v2\/users\/3"}],"replies":[{"embeddable":true,"href":"https:\/\/chicagodesavanja.us\/en\/wp-json\/wp\/v2\/comments?post=31427"}],"version-history":[{"count":0,"href":"https:\/\/chicagodesavanja.us\/en\/wp-json\/wp\/v2\/posts\/31427\/revisions"}],"wp:attachment":[{"href":"https:\/\/chicagodesavanja.us\/en\/wp-json\/wp\/v2\/media?parent=31427"}],"wp:term":[{"taxonomy":"category","embeddable":true,"href":"https:\/\/chicagodesavanja.us\/en\/wp-json\/wp\/v2\/categories?post=31427"},{"taxonomy":"post_tag","embeddable":true,"href":"https:\/\/chicagodesavanja.us\/en\/wp-json\/wp\/v2\/tags?post=31427"}],"curies":[{"name":"WP","href":"https:\/\/api.w.org\/{rel}","templated":true}]}}