{"id":31424,"date":"2023-09-12T05:20:00","date_gmt":"2023-09-12T05:20:00","guid":{"rendered":"https:\/\/chicagodesavanja.us\/potvrdjena-optuznica-protiv-dodika\/"},"modified":"2023-09-12T05:20:00","modified_gmt":"2023-09-12T05:20:00","slug":"potvrdjena-optuznica-protiv-dodika","status":"publish","type":"post","link":"https:\/\/chicagodesavanja.us\/en\/vesti\/potvrdjena-optuznica-protiv-dodika\/","title":{"rendered":"Potvr\u0111ena optu\u017enica protiv Dodika"},"content":{"rendered":"<p class=\"wp-block-paragraph\">Sud BiH potvrdio je optu\u017enicu protiv predsednika Republike Srpske Milorada Dodika i v.d. direktora Slu\u017ebenog glasnika Srpske Milo\u0161a Luki\u0107a, prenose mediji.<\/p>\n\n\n\n<p class=\"wp-block-paragraph\">Tu\u017eila\u0161tvo BiH podiglo je optu\u017enicu protiv Dodika i Luki\u0107a 11. avgusta i poslalo Sudu BiH na potvr\u0111ivanje, a Sud je 18. avgusta vratio Tu\u017eila\u0161tvu na doradu.<\/p>\n\n\n\n<p class=\"wp-block-paragraph\">Optu\u017enica je usledila nakon \u0161to je Narodna skup\u0161tina Republike Srpske 27. juna usvojila dva zakona &#8211; o neobjavljivanju odluka Kancelarije visokog predstavnika u BiH (OHR) u Slu\u017ebenom glasniku Srpske i neprimenjivanju odluka Ustavnog suda BiH.<\/p>\n\n\n\n<p class=\"wp-block-paragraph\">Visoki predstavnik Kristijan \u0160mit, koji u Republici Srpskoj nije priznat, jer nije imenovan u Savetu bezbednosti UN kako je to predvi\u0111eno Dejtonskim mirovnim sporazumom, poni\u0161tio je oba zakona 1. jula.<\/p>\n\n\n\n<p class=\"wp-block-paragraph\">Nakon \u0161to je Tu\u017eila\u0161tvo BiH podiglo optu\u017enicu, predsednik Srpske je podneo krivi\u010dnu prijavu protiv tu\u017eioca Nedima \u0106osi\u0107a.<\/p>\n\n\n\n<p class=\"wp-block-paragraph\" style=\"font-size:10px\">IZVOR: TANJUG, <a href=\"https:\/\/www.b92.net\/info\/vesti\/index.php?yyyy=2023&amp;mm=09&amp;dd=11&amp;nav_category=167&amp;nav_id=2397795\" target=\"_blank\" rel=\"noreferrer noopener\">B92<\/a>PHOTO: PRINTSCREEN <\/p>","protected":false},"excerpt":{"rendered":"<p>Sud BiH potvrdio je optu\u017enicu protiv predsednika Republike Srpske Milorada Dodika i v.d. direktora Slu\u017ebenog glasnika Srpske Milo\u0161a Luki\u0107a, prenose mediji. Tu\u017eila\u0161tvo BiH podiglo je optu\u017enicu protiv Dodika i Luki\u0107a 11. avgusta i poslalo Sudu BiH na potvr\u0111ivanje, a Sud je 18. avgusta vratio Tu\u017eila\u0161tvu na doradu. Optu\u017enica je usledila nakon \u0161to je Narodna skup\u0161tina [&hellip;]<\/p>\n","protected":false},"author":1,"featured_media":0,"comment_status":"","ping_status":"","sticky":false,"template":"","format":"standard","meta":{"footnotes":""},"categories":[431,369],"tags":[24849,24852,13978,24853],"class_list":["post-31424","post","type-post","status-publish","format-standard","hentry","category-svet","category-vesti","tag-bih","tag-milorad-dodik","tag-optuznica","tag-republika-srpska"],"_links":{"self":[{"href":"https:\/\/chicagodesavanja.us\/en\/wp-json\/wp\/v2\/posts\/31424","targetHints":{"allow":["GET"]}}],"collection":[{"href":"https:\/\/chicagodesavanja.us\/en\/wp-json\/wp\/v2\/posts"}],"about":[{"href":"https:\/\/chicagodesavanja.us\/en\/wp-json\/wp\/v2\/types\/post"}],"author":[{"embeddable":true,"href":"https:\/\/chicagodesavanja.us\/en\/wp-json\/wp\/v2\/users\/1"}],"replies":[{"embeddable":true,"href":"https:\/\/chicagodesavanja.us\/en\/wp-json\/wp\/v2\/comments?post=31424"}],"version-history":[{"count":0,"href":"https:\/\/chicagodesavanja.us\/en\/wp-json\/wp\/v2\/posts\/31424\/revisions"}],"wp:attachment":[{"href":"https:\/\/chicagodesavanja.us\/en\/wp-json\/wp\/v2\/media?parent=31424"}],"wp:term":[{"taxonomy":"category","embeddable":true,"href":"https:\/\/chicagodesavanja.us\/en\/wp-json\/wp\/v2\/categories?post=31424"},{"taxonomy":"post_tag","embeddable":true,"href":"https:\/\/chicagodesavanja.us\/en\/wp-json\/wp\/v2\/tags?post=31424"}],"curies":[{"name":"WP","href":"https:\/\/api.w.org\/{rel}","templated":true}]}}