{"id":31385,"date":"2023-09-14T05:36:59","date_gmt":"2023-09-14T05:36:59","guid":{"rendered":"https:\/\/chicagodesavanja.us\/on-je-preziveo-smrtonosni-napad-ajkule-morska-neman-ga-ujela-i-napravila-mu-oziljak-koji-ce-nositi-do-kraja-zivota-video\/"},"modified":"2023-09-14T05:36:59","modified_gmt":"2023-09-14T05:36:59","slug":"on-je-preziveo-smrtonosni-napad-ajkule-morska-neman-ga-ujela-i-napravila-mu-oziljak-koji-ce-nositi-do-kraja-zivota-video","status":"publish","type":"post","link":"https:\/\/chicagodesavanja.us\/en\/vesti\/on-je-preziveo-smrtonosni-napad-ajkule-morska-neman-ga-ujela-i-napravila-mu-oziljak-koji-ce-nositi-do-kraja-zivota-video\/","title":{"rendered":"On je pre\u017eiveo smrtonosni napad ajkule: Morska neman ga ujela i napravila mu o\u017eiljak koji \u0107e nositi do kraja \u017eivota (VIDEO)"},"content":{"rendered":"<p class=\"wp-block-paragraph\">Mark Sumerset (38) surfovao je na pla\u017ei Nju Smirna na Floridi kada ga je ajkula ujela za lice, napraviv\u0161i mu ogroman o\u017eiljak koji \u0107e imati do kraja \u017eivota.<\/p>\n\n\n\n<p class=\"wp-block-paragraph\">Kako ka\u017ee, \u010duo je zvuk \u201ekrckanja\u201c i nakon nekoliko minuta na\u0161ao se u okeanu u \u010deljustima morske nemani.<\/p>\n\n\n\n<figure class=\"wp-block-embed is-type-rich is-provider-twitter wp-block-embed-twitter\"><div class=\"wp-block-embed__wrapper\">\n<blockquote class=\"twitter-tweet\" data-width=\"500\" data-dnt=\"true\"><p lang=\"en\" dir=\"ltr\">38 yo <a href=\"https:\/\/x.com\/hashtag\/southcarolina?src=hash&amp;ref_src=twsrc%5Etfw\">#southcarolina<\/a> man, bitten on the face by a shark, WILL go back in the water. Mark Sumersett was surfing near jetty Tuesday am when he came off his board &amp; the shark got him in white water. His full interview coming up <a href=\"https:\/\/x.com\/WESH?ref_src=twsrc%5Etfw\">@WESH<\/a> 6pm. <a href=\"https:\/\/t.co\/LqGCQAggDM\">pic.twitter.com\/LqGCQAggDM<\/a><\/p>&mdash; Claire Metz (@realclairemetz) <a href=\"https:\/\/x.com\/realclairemetz\/status\/1702067542578037198?ref_src=twsrc%5Etfw\">September 13, 2023<\/a><\/blockquote><script async src=\"https:\/\/platform.x.com\/widgets.js\" charset=\"utf-8\"><\/script>\n<\/div><\/figure>\n\n\n\n<p class=\"wp-block-paragraph\">Sre\u0107om, pre\u017eiveo je ugriz velike ajkule, koja ga je ujela direktno za lice, pi\u0161e Miror.<\/p>\n\n\n\n<p class=\"wp-block-paragraph\">\u201eTo je bila najstra\u0161nija stvar kroz koju sam pro\u0161ao u \u017eivotu. Ranije sam pre\u017eiveo i te\u0161ku saobra\u0107ajnu nesre\u0107u. Nije bila ni blizu ovome. Osetio sam veliki pritisak i krckanje zuba na svom licu\u201c, ispri\u010dao je Sumerset.<\/p>\n\n\n\n<p class=\"wp-block-paragraph\">Na sre\u0107u, ajkula ga je pustila prili\u010dno brzo i Mark je uspeo da se vrati na obalu. \u017dena koja je bila pozvala je pomo\u0107, i lekari su uspeli da mu spasu \u017eivot. Ipak, dobio je i 20 \u0161avova na licu, koji \u0107e ga pratiti dok je \u017eiv.<\/p>\n\n\n\n<p class=\"wp-block-paragraph\">Sada ka\u017ee da veruje da mu je Bog spasio \u017eivot, kako bi pomagao drugim ljudima.<\/p>\n\n\n\n<p class=\"wp-block-paragraph\" style=\"font-size:10px\">SOURCE: <a href=\"https:\/\/nova.rs\/vesti\/svet\/on-je-preziveo-smrtonosni-napad-ajkule-morska-neman-ga-je-ujela-direktno-za-lice-i-napravila-mu-oziljak-koji-ce-nositi-do-kraja-zivota\/\" target=\"_blank\" rel=\"noopener\">NOVA<\/a> PHOTO: PEXELS <\/p>","protected":false},"excerpt":{"rendered":"<p>Mark Sumerset (38) surfovao je na pla\u017ei Nju Smirna na Floridi kada ga je ajkula ujela za lice, napraviv\u0161i mu ogroman o\u017eiljak koji \u0107e imati do kraja \u017eivota. Kako ka\u017ee, \u010duo je zvuk \u201ekrckanja\u201c i nakon nekoliko minuta na\u0161ao se u okeanu u \u010deljustima morske nemani. Sre\u0107om, pre\u017eiveo je ugriz velike ajkule, koja ga je [&hellip;]<\/p>\n","protected":false},"author":3,"featured_media":0,"comment_status":"","ping_status":"","sticky":false,"template":"","format":"standard","meta":{"wpai_generated_summary":"","footnotes":""},"categories":[368,369],"tags":[42176,538,42177,46779,568],"class_list":["post-31385","post","type-post","status-publish","format-standard","hentry","category-vesti-amerika","category-vesti","tag-ajkula","tag-amerika","tag-napad-ajkule","tag-preziveo-napad","tag-sad"],"_links":{"self":[{"href":"https:\/\/chicagodesavanja.us\/en\/wp-json\/wp\/v2\/posts\/31385","targetHints":{"allow":["GET"]}}],"collection":[{"href":"https:\/\/chicagodesavanja.us\/en\/wp-json\/wp\/v2\/posts"}],"about":[{"href":"https:\/\/chicagodesavanja.us\/en\/wp-json\/wp\/v2\/types\/post"}],"author":[{"embeddable":true,"href":"https:\/\/chicagodesavanja.us\/en\/wp-json\/wp\/v2\/users\/3"}],"replies":[{"embeddable":true,"href":"https:\/\/chicagodesavanja.us\/en\/wp-json\/wp\/v2\/comments?post=31385"}],"version-history":[{"count":0,"href":"https:\/\/chicagodesavanja.us\/en\/wp-json\/wp\/v2\/posts\/31385\/revisions"}],"wp:attachment":[{"href":"https:\/\/chicagodesavanja.us\/en\/wp-json\/wp\/v2\/media?parent=31385"}],"wp:term":[{"taxonomy":"category","embeddable":true,"href":"https:\/\/chicagodesavanja.us\/en\/wp-json\/wp\/v2\/categories?post=31385"},{"taxonomy":"post_tag","embeddable":true,"href":"https:\/\/chicagodesavanja.us\/en\/wp-json\/wp\/v2\/tags?post=31385"}],"curies":[{"name":"WP","href":"https:\/\/api.w.org\/{rel}","templated":true}]}}