{"id":31176,"date":"2023-09-28T05:23:00","date_gmt":"2023-09-28T05:23:00","guid":{"rendered":"https:\/\/chicagodesavanja.us\/pozar-na-svadbi-u-iraku-najmanje-100-poginulih\/"},"modified":"2023-09-28T05:23:00","modified_gmt":"2023-09-28T05:23:00","slug":"pozar-na-svadbi-u-iraku-najmanje-100-poginulih","status":"publish","type":"post","link":"https:\/\/chicagodesavanja.us\/en\/vesti\/pozar-na-svadbi-u-iraku-najmanje-100-poginulih\/","title":{"rendered":"Po\u017ear na svadbi u Iraku, najmanje 100 poginulih"},"content":{"rendered":"<p class=\"wp-block-paragraph\">Najmanje 100 ljudi je poginulo, a 150 povre\u0111eno u po\u017earu koji je izbio na svadbi u severnom Iraku.<\/p>\n\n\n\n<p class=\"wp-block-paragraph\">Stotine ljudi bilo je na svadbi u El Hamdaniji u provinciji Niniva na severu Iraka kada je kasno buknuo po\u017ear i zahvatio mesto gde se odr\u017eavala proslava.<\/p>\n\n\n\n<p class=\"wp-block-paragraph\">Jo\u0161 nije utvr\u0111eno \u0161ta je izazvalo po\u017ear, ali prema prvim izve\u0161tajima, navodi se da je vatra izbila nakon \u0161to je ispaljen vatromet.<\/p>\n\n\n\n<p class=\"wp-block-paragraph\">U prvim izve\u0161tajima ira\u010dkih medija navodi se da su i mlada i mlado\u017eenja poginuli u po\u017earu, ali novinska agencija\u00a0<em>Nina<\/em>\u00a0je kasnije javila da su pre\u017eiveli.<\/p>\n\n\n\n<p class=\"wp-block-paragraph\">Zapaljive plo\u010de u prostoru mo\u017eda su podstakle plamen, prouzrokuju\u0107i da se delovi plafona zapale i padnu.<\/p>\n\n\n\n<p class=\"wp-block-paragraph\">&#8222;Po\u017ear je doveo do uru\u0161avanja delova hale zbog upotrebe veoma zapaljivog, jeftinog gra\u0111evinskog materijala koji se uru\u0161i za nekoliko minuta kada izbije po\u017ear\u201c, saop\u0161tila je ira\u010dka direkcija civilne odbrane, a prenosi dr\u017eavna novinska agencija INA.<\/p>\n\n\n\n<p class=\"wp-block-paragraph\">Desetine vatrogasaca borilo se sa vatrenom stihijom.<\/p>\n\n\n\n<p class=\"wp-block-paragraph\">U glavnu bolnicu u El Hamdaniji, koja se nalazi isto\u010dno od glavnog grada regiona Mosula, na desetine ljudi stiglo je da daju krv za pomo\u0107 povre\u0111enima.<\/p>\n\n\n\n<p class=\"wp-block-paragraph\">Ira\u010dki premijer objavio je na\u00a0<em>Tviteru<\/em>\u00a0poruku nadle\u017enima da &#8222;mobili\u0161u sve napore i pru\u017ee pomo\u0107 onima koji su povre\u0111eni&#8220;.<\/p>\n\n\n\n<p class=\"wp-block-paragraph\"><\/p>\n\n\n\n<p class=\"wp-block-paragraph\" style=\"font-size:10px\">SOURCE: <a href=\"https:\/\/rts.rs\/lat\/vesti\/svet\/5279782\/pozar-na-svadbi-u-iraku-najmanje-100-poginulih.html\" target=\"_blank\" rel=\"noopener\">RTS<\/a> PHOTO: SCREENSHOT<\/p>","protected":false},"excerpt":{"rendered":"<p>Najmanje 100 ljudi je poginulo, a 150 povre\u0111eno u po\u017earu koji je izbio na svadbi u severnom Iraku. Stotine ljudi bilo je na svadbi u El Hamdaniji u provinciji Niniva na severu Iraka kada je kasno buknuo po\u017ear i zahvatio mesto gde se odr\u017eavala proslava. Jo\u0161 nije utvr\u0111eno \u0161ta je izazvalo po\u017ear, ali prema prvim [&hellip;]<\/p>\n","protected":false},"author":4,"featured_media":0,"comment_status":"","ping_status":"","sticky":false,"template":"","format":"standard","meta":{"wpai_generated_summary":"","footnotes":""},"categories":[431,369],"tags":[41802,8062,45352,38706,11633],"class_list":["post-31176","post","type-post","status-publish","format-standard","hentry","category-svet","category-vesti","tag-borba-sa-pozarom","tag-irak","tag-izbio-pozar","tag-mrtvi","tag-svadba"],"_links":{"self":[{"href":"https:\/\/chicagodesavanja.us\/en\/wp-json\/wp\/v2\/posts\/31176","targetHints":{"allow":["GET"]}}],"collection":[{"href":"https:\/\/chicagodesavanja.us\/en\/wp-json\/wp\/v2\/posts"}],"about":[{"href":"https:\/\/chicagodesavanja.us\/en\/wp-json\/wp\/v2\/types\/post"}],"author":[{"embeddable":true,"href":"https:\/\/chicagodesavanja.us\/en\/wp-json\/wp\/v2\/users\/4"}],"replies":[{"embeddable":true,"href":"https:\/\/chicagodesavanja.us\/en\/wp-json\/wp\/v2\/comments?post=31176"}],"version-history":[{"count":0,"href":"https:\/\/chicagodesavanja.us\/en\/wp-json\/wp\/v2\/posts\/31176\/revisions"}],"wp:attachment":[{"href":"https:\/\/chicagodesavanja.us\/en\/wp-json\/wp\/v2\/media?parent=31176"}],"wp:term":[{"taxonomy":"category","embeddable":true,"href":"https:\/\/chicagodesavanja.us\/en\/wp-json\/wp\/v2\/categories?post=31176"},{"taxonomy":"post_tag","embeddable":true,"href":"https:\/\/chicagodesavanja.us\/en\/wp-json\/wp\/v2\/tags?post=31176"}],"curies":[{"name":"WP","href":"https:\/\/api.w.org\/{rel}","templated":true}]}}