{"id":30900,"date":"2023-10-15T06:30:00","date_gmt":"2023-10-15T06:30:00","guid":{"rendered":"https:\/\/chicagodesavanja.us\/drama-u-parizu-luvr-hitno-evakuisan\/"},"modified":"2023-10-15T06:30:00","modified_gmt":"2023-10-15T06:30:00","slug":"drama-u-parizu-luvr-hitno-evakuisan","status":"publish","type":"post","link":"https:\/\/chicagodesavanja.us\/en\/vesti\/drama-u-parizu-luvr-hitno-evakuisan\/","title":{"rendered":"Drama u Parizu \u2013 Luvr hitno evakuisan (VIDEO)"},"content":{"rendered":"<p class=\"wp-block-paragraph\">Jedan od najpoznatijih muzeja na svetu, pariski Luvr, zatvoren je zbog pretnje o podmetnutoj bombi, preneo je francuski BFMTV.<\/p>\n\n\n\n<p class=\"wp-block-paragraph\">Oni su se pozvali na izvore iz policije.<\/p>\n\n\n\n<figure class=\"wp-block-embed is-type-rich is-provider-twitter wp-block-embed-twitter\"><div class=\"wp-block-embed__wrapper\">\n<blockquote class=\"twitter-tweet\" data-width=\"500\" data-dnt=\"true\"><p lang=\"en\" dir=\"ltr\">BREAKING:<br><br>Visitors are being evacuated from the Louvre Museum in Paris after a bomb threat <a href=\"https:\/\/t.co\/LUoPBkTvkE\">pic.twitter.com\/LUoPBkTvkE<\/a><\/p>&mdash; Visegr\u00e1d 24 (@visegrad24) <a href=\"https:\/\/x.com\/visegrad24\/status\/1713152434573312060?ref_src=twsrc%5Etfw\">October 14, 2023<\/a><\/blockquote><script async src=\"https:\/\/platform.x.com\/widgets.js\" charset=\"utf-8\"><\/script>\n<\/div><\/figure>\n\n\n\n<p class=\"wp-block-paragraph\">Policija je brzo stigla na lice mesta, oko podneva, a posetioci su hitno morali da napuste zgradu.<\/p>\n\n\n\n<p class=\"wp-block-paragraph\">Informaciju o zatvaranju Luvra objavila je i uprava muzeja na platformi X (Tviter), pa \u0107e muzej ostati zatvoren do daljnjeg.<\/p>\n\n\n\n<figure class=\"wp-block-embed is-type-rich is-provider-twitter wp-block-embed-twitter\"><div class=\"wp-block-embed__wrapper\">\n<blockquote class=\"twitter-tweet\" data-width=\"500\" data-dnt=\"true\"><p lang=\"tr\" dir=\"ltr\">Fransa&#39;n\u0131n ba\u015fkenti Paris&#39;teki <a href=\"https:\/\/x.com\/hashtag\/Louvre?src=hash&amp;ref_src=twsrc%5Etfw\">#Louvre<\/a> M\u00fczesi&#39;nde, m\u00fczede patlay\u0131c\u0131 madde olma ihtimaline i\u015faret eden ihbar \u00fczerine ziyaret\u00e7ilerin tahliye edildi\u011fi ve Frans\u0131z polisinin binada inceleme yapt\u0131\u011f\u0131 g\u00f6r\u00fcnt\u00fcler.<br><br>\u2b55\ufe0fTelegram_Kanal\u0131m:<a href=\"https:\/\/t.co\/94wF52jZIi\">https:\/\/t.co\/94wF52jZIi<\/a> <a href=\"https:\/\/t.co\/ux58OVoEQa\">pic.twitter.com\/ux58OVoEQa<\/a><\/p>&mdash; SANA T\u00fcrk (@arap_ajans) <a href=\"https:\/\/x.com\/arap_ajans\/status\/1713165206216433787?ref_src=twsrc%5Etfw\">October 14, 2023<\/a><\/blockquote><script async src=\"https:\/\/platform.x.com\/widgets.js\" charset=\"utf-8\"><\/script>\n<\/div><\/figure>\n\n\n\n<p class=\"wp-block-paragraph\">&#8222;Iz bezbednosnih razloga, Luvr je zatvoren za danas. Posetiocima koji su kupili karte bi\u0107e nadokna\u0111eni tro\u0161kovi&#8220;, istakli su iz Luvra.<\/p>\n\n\n\n<p class=\"wp-block-paragraph\">Francuska je od petka uve\u010de podigla nivo bezbednosti na najvi\u0161i stepen, nakon ubistva u\u010ditelja Dominika Bernara, koga je nasmrt izbo mladi\u0107 ispred gimnazije u Arasu.<\/p>\n\n\n\n<p class=\"wp-block-paragraph\">U tom incidentu, jo\u0161 tri osobe su te\u0161ko povre\u0111ene, uklju\u010duju\u0107i napada\u010da.<\/p>\n\n\n\n<p class=\"wp-block-paragraph\">Ovaj \u010din je u Francuskoj progla\u0161en &#8222;islamskim terorizmom&#8220;, a predsednik Emanuel Makron je naredio mobilizaciju 7.000 vojnika kako bi se poja\u010dale bezbednosne patrole u zemlji.<\/p>\n\n\n\n<p class=\"wp-block-paragraph\">Svih 7.000 vojnika \u0107e biti raspore\u0111eni po zemlji do ponedeljeka uve\u010de, a ako treba i posle tog perioda, precizirali su iz Jelisejske palate.<\/p>\n\n\n\n<p class=\"wp-block-paragraph\">Ministar unutra\u0161njih poslova Francuske \u017derald Darmanen rekao je u petak da je napad u Arasu povezan sa doga\u0111ajima na Bliskom istoku, gde Izrael vodi vojnu ofanzivu protiv Hamasa, palestinske militantne organizacije, koja je pro\u0161le subote izvr\u0161ila napade na Izrael.<\/p>\n\n\n\n<p class=\"wp-block-paragraph\" style=\"font-size:10px\">SOURCE: <a href=\"https:\/\/www.b92.net\/info\/vesti\/index.php?yyyy=2023&amp;mm=10&amp;dd=14&amp;nav_category=78&amp;nav_id=2414766\" target=\"_blank\" rel=\"noopener\">B92 <\/a>PHOTO: SCREENSHOT<\/p>","protected":false},"excerpt":{"rendered":"<p>Jedan od najpoznatijih muzeja na svetu, pariski Luvr, zatvoren je zbog pretnje o podmetnutoj bombi, preneo je francuski BFMTV. Oni su se pozvali na izvore iz policije. Policija je brzo stigla na lice mesta, oko podneva, a posetioci su hitno morali da napuste zgradu. Informaciju o zatvaranju Luvra objavila je i uprava muzeja na platformi [&hellip;]<\/p>\n","protected":false},"author":3,"featured_media":0,"comment_status":"","ping_status":"","sticky":false,"template":"","format":"standard","meta":{"footnotes":""},"categories":[431,369],"tags":[9560,8040,8490,46280,11053,11054,2372,1215],"class_list":["post-30900","post","type-post","status-publish","format-standard","hentry","category-svet","category-vesti","tag-bomba","tag-drama","tag-evakuacija","tag-hitno","tag-luvr","tag-pariz","tag-svet","tag-vesti"],"_links":{"self":[{"href":"https:\/\/chicagodesavanja.us\/en\/wp-json\/wp\/v2\/posts\/30900","targetHints":{"allow":["GET"]}}],"collection":[{"href":"https:\/\/chicagodesavanja.us\/en\/wp-json\/wp\/v2\/posts"}],"about":[{"href":"https:\/\/chicagodesavanja.us\/en\/wp-json\/wp\/v2\/types\/post"}],"author":[{"embeddable":true,"href":"https:\/\/chicagodesavanja.us\/en\/wp-json\/wp\/v2\/users\/3"}],"replies":[{"embeddable":true,"href":"https:\/\/chicagodesavanja.us\/en\/wp-json\/wp\/v2\/comments?post=30900"}],"version-history":[{"count":0,"href":"https:\/\/chicagodesavanja.us\/en\/wp-json\/wp\/v2\/posts\/30900\/revisions"}],"wp:attachment":[{"href":"https:\/\/chicagodesavanja.us\/en\/wp-json\/wp\/v2\/media?parent=30900"}],"wp:term":[{"taxonomy":"category","embeddable":true,"href":"https:\/\/chicagodesavanja.us\/en\/wp-json\/wp\/v2\/categories?post=30900"},{"taxonomy":"post_tag","embeddable":true,"href":"https:\/\/chicagodesavanja.us\/en\/wp-json\/wp\/v2\/tags?post=30900"}],"curies":[{"name":"WP","href":"https:\/\/api.w.org\/{rel}","templated":true}]}}