{"id":30868,"date":"2023-10-17T05:44:00","date_gmt":"2023-10-17T05:44:00","guid":{"rendered":"https:\/\/chicagodesavanja.us\/upucan-terorista-iz-brisela-policija-ga-zatekla-u-kaficu-nadjeno-i-oruzje-kojim-je-ubijao-ljude\/"},"modified":"2023-10-17T05:44:00","modified_gmt":"2023-10-17T05:44:00","slug":"upucan-terorista-iz-brisela-policija-ga-zatekla-u-kaficu-nadjeno-i-oruzje-kojim-je-ubijao-ljude","status":"publish","type":"post","link":"https:\/\/chicagodesavanja.us\/en\/vesti\/upucan-terorista-iz-brisela-policija-ga-zatekla-u-kaficu-nadjeno-i-oruzje-kojim-je-ubijao-ljude\/","title":{"rendered":"Upucan terorista iz Brisela: Policija ga zatekla u kafi\u0107u, na\u0111eno i oru\u017eje kojim je ubijao ljude"},"content":{"rendered":"<p class=\"wp-block-paragraph\">Policija je pucala na jednu osobu u kafi\u0107u u predgra\u0111u Brisela. Potvr\u0111eno da je re\u010d o 45-godi\u0161njem Tuni\u0161aninu koji je u centru Brisela ubio dve osobe, a jednu ranio. <\/p>\n\n\n\n<p class=\"wp-block-paragraph\">Obe \u017ertve su bile \u0161vedski navija\u010di, koji su u Briselu bili na fudbalskoj utakmici za kvalifikacije za Evropsko prvenstvo 2024. protiv Belgije. <\/p>\n\n\n\n<p class=\"wp-block-paragraph\">Tu\u017eila\u0161tvo istra\u017euje snimak na kom osumnji\u010deni ka\u017ee da podr\u017eava ISIS. Uveden je najvi\u0161i stepen opasnosti od teroristi\u010dke pretnje.<\/p>\n\n\n\n<p class=\"wp-block-paragraph\">Belgijsko tu\u017eila\u0161tvo istra\u017euje video-snimak objavljen na dru\u0161tvenim mre\u017eama u kojem osumnji\u010deni preuzima odgovornost za napad i ka\u017ee da je pristalica Islamske dr\u017eave.<\/p>\n\n\n\n<p class=\"wp-block-paragraph\">Na snimku osumnji\u010deni, izme\u0111u ostalog, ka\u017ee da je upucao tri osobe \u0161vedske nacionalnosti.<\/p>\n\n\n\n<p class=\"wp-block-paragraph\">\u201cU toj izjavi on je kazao da je ubijeni \u0160ve\u0111anin bio motiv za napad. U ovom trenutku nemamo dokaza o mogu\u0107oj vezi ovog ubistva sa izraelsko-palestinskim ratom. Na osnovu \u010dinjenica i njegove tvrdnje, hitno su uvedene bezbednosne mere kako bi se za\u0161titili \u0161vedski navija\u010di. Trenutno je na snazi tre\u0107i stepen pretnje na nivou cele zemlje, osim za Brisel gde je nivo \u010detiri\u201c, rekao je portparol dr\u017eavnog tu\u017eioca Erik Van Dajs.<\/p>\n\n\n\n<p class=\"wp-block-paragraph\">Gra\u0111anima je savetovao da ostanu kod ku\u0107e dok pretnja ne bude otklonjena.<\/p>\n\n\n\n<p class=\"wp-block-paragraph\">Pored dve osobe koje su ubijene, tre\u0107a osoba je voza\u010d taksija, koji je sa te\u0161kim povredama hospitalizovan, ali se nalazi van \u017eivotne opasnosti.<\/p>\n\n\n\n<p class=\"wp-block-paragraph\">Ne\u0161to pre pono\u0107i po\u010dela je evakuacija oko 35.000 navija\u010da, koji su ostali zarobljeni na stadionu \u201cKralj Boduen\u201c u Briselu, nakon \u0161to je prekinuta utakmica izme\u0111u Belgije i \u0160vedske u okviru kvalifikacija za Evropsko prvenstvo.<\/p>\n\n\n\n<p class=\"wp-block-paragraph\">Poslednji navija\u010di stadion su napustili oko \u010detiri ujutru, pod policijskom pratnjom. Reprezentacija je odletela nazad za \u0160vedsku, saop\u0161teno je iz \u0161vedskog fudbalskog saveza.<\/p>\n\n\n\n<p class=\"wp-block-paragraph\">Na granicama Belgije poja\u010dane su policijske kontrole, a nivo uzbune u Briselu je podignut na \u010detiri, \u0161to je maksimum i zna\u010di da je u pitanju ozbiljna i neposredna pretnja.<\/p>\n\n\n\n<p class=\"wp-block-paragraph\">Nivo uzbune nije bio tako visok jo\u0161 od teroristi\u010dkog napada u metro stranici i na aerodromu u Briselu 2016. godine u kojem su stradale 32 osobe.<br><br>Kraljevska porodica Belgije saop\u0161tila je da je \u0161okirana pucnjavom u Briselu i da podr\u017eava snage bezbednosti.<\/p>\n\n\n\n<p class=\"wp-block-paragraph\"><\/p>\n\n\n\n<p class=\"wp-block-paragraph\" style=\"font-size:10px\">SOURCE: <a href=\"https:\/\/rts.rs\/lat\/vesti\/svet\/5292085\/napadac-koji-je-u-briselu-ubio-dve-osobe-je-mrtav.html\" target=\"_blank\" rel=\"noopener\">RTS<\/a> PHOTO: SCREENSHOT<\/p>","protected":false},"excerpt":{"rendered":"<p>Policija je pucala na jednu osobu u kafi\u0107u u predgra\u0111u Brisela. Potvr\u0111eno da je re\u010d o 45-godi\u0161njem Tuni\u0161aninu koji je u centru Brisela ubio dve osobe, a jednu ranio. Obe \u017ertve su bile \u0161vedski navija\u010di, koji su u Briselu bili na fudbalskoj utakmici za kvalifikacije za Evropsko prvenstvo 2024. protiv Belgije. Tu\u017eila\u0161tvo istra\u017euje snimak na [&hellip;]<\/p>\n","protected":false},"author":4,"featured_media":0,"comment_status":"","ping_status":"","sticky":false,"template":"","format":"standard","meta":{"wpai_generated_summary":"","footnotes":""},"categories":[431,369],"tags":[1218,1161,22397],"class_list":["post-30868","post","type-post","status-publish","format-standard","hentry","category-svet","category-vesti","tag-brisel","tag-policija","tag-teroristicki-napad"],"_links":{"self":[{"href":"https:\/\/chicagodesavanja.us\/en\/wp-json\/wp\/v2\/posts\/30868","targetHints":{"allow":["GET"]}}],"collection":[{"href":"https:\/\/chicagodesavanja.us\/en\/wp-json\/wp\/v2\/posts"}],"about":[{"href":"https:\/\/chicagodesavanja.us\/en\/wp-json\/wp\/v2\/types\/post"}],"author":[{"embeddable":true,"href":"https:\/\/chicagodesavanja.us\/en\/wp-json\/wp\/v2\/users\/4"}],"replies":[{"embeddable":true,"href":"https:\/\/chicagodesavanja.us\/en\/wp-json\/wp\/v2\/comments?post=30868"}],"version-history":[{"count":0,"href":"https:\/\/chicagodesavanja.us\/en\/wp-json\/wp\/v2\/posts\/30868\/revisions"}],"wp:attachment":[{"href":"https:\/\/chicagodesavanja.us\/en\/wp-json\/wp\/v2\/media?parent=30868"}],"wp:term":[{"taxonomy":"category","embeddable":true,"href":"https:\/\/chicagodesavanja.us\/en\/wp-json\/wp\/v2\/categories?post=30868"},{"taxonomy":"post_tag","embeddable":true,"href":"https:\/\/chicagodesavanja.us\/en\/wp-json\/wp\/v2\/tags?post=30868"}],"curies":[{"name":"WP","href":"https:\/\/api.w.org\/{rel}","templated":true}]}}