{"id":30859,"date":"2023-10-17T13:44:05","date_gmt":"2023-10-17T13:44:05","guid":{"rendered":"https:\/\/chicagodesavanja.us\/amerika-proveo-16-godina-nevin-u-zatvoru-pa-ga-ubio-zamenik-serifa\/"},"modified":"2023-10-17T13:44:05","modified_gmt":"2023-10-17T13:44:05","slug":"amerika-proveo-16-godina-nevin-u-zatvoru-pa-ga-ubio-zamenik-serifa","status":"publish","type":"post","link":"https:\/\/chicagodesavanja.us\/en\/vesti\/amerika-proveo-16-godina-nevin-u-zatvoru-pa-ga-ubio-zamenik-serifa\/","title":{"rendered":"Amerika: Proveo 16 godina nevin u zatvoru, pa ga ubio zamenik \u0161erifa"},"content":{"rendered":"<p class=\"wp-block-paragraph\">Afroamerikanca koji je nevin proveo vi\u0161e od 16 godina u zatvoru u saveznoj dr\u017eavi Florida, u ponedeljak, 16. oktobra je ubio zamenik \u0161erifa u dr\u017eavi D\u017eord\u017eiji tokom saobra\u0107ajnog zaustavljanja, saop\u0161tile su ameri\u010dke vlasti.<\/p>\n\n\n\n<p class=\"wp-block-paragraph\">Biro za istrage D\u017eord\u017eije (GBI), koja ispituje pucnjavu, utvrdio je da je u pitanju Lionard Alen Kjur (53), preneo je AP.<\/p>\n\n\n\n<p class=\"wp-block-paragraph\">Kjura, koji je 2003. godine bio osu\u0111en na do\u017eivotnu robiju, prilikom osloba\u0111anja predstavljao je \u201eProjekat nevinosti\u201d sa Floride.<\/p>\n\n\n\n<p class=\"wp-block-paragraph\">Izvr\u0161ni direktor projekta, Set Miler, rekao je da je slomljen nakon \u0161to je \u010duo vesti da je ubijen Kjur.<\/p>\n\n\n\n<p class=\"wp-block-paragraph\">\u201eMogu samo da zamislim kako je kada znate da vam je sin nevin, da ga gledate kako je osu\u0111en na do\u017eivotan zatvoren, oslobo\u0111en&#8230; i onda, kada su ga oslobodili, ubijen je\u201d, rekao je Miler.<\/p>\n\n\n\n<p class=\"wp-block-paragraph\">GBI je saop\u0161tio da je zamenik \u0161erifove kancelarije u okrugu Kemden zaustavio Kjura koji se vozio u blizini granice D\u017eord\u017eije i Floride.<\/p>\n\n\n\n<p class=\"wp-block-paragraph\">Na zahtev zamenika iza\u0161ao je iz automobila i sara\u0111ivao u po\u010detku, ali je potom postao nasilan nakon \u0161to mu je re\u010deno da je uhap\u0161en, navodi se u izve\u0161taju GBI.<\/p>\n\n\n\n<p class=\"wp-block-paragraph\">Agencija je rekla da preliminarne informacije pokazuju da je \u0161erifov zamenik \u0161okirao Kjura pi\u0161toljem za omamljivanje kada nije ispunio nare\u0111enja, a onda je Kjur po\u010deo da vre\u0111a predstavnika zakona.<\/p>\n\n\n\n<p class=\"wp-block-paragraph\">GBI dodaje da je \u0161erifov zamenik poku\u0161ao opet da koristi pi\u0161tolj za omamljivanje i pendrek, ali je ispalio hice kada je Kjur nastavio da se opire.<\/p>\n\n\n\n<p class=\"wp-block-paragraph\">Agencija nije objasnila za\u0161to je zaustavljeno Kjurovo vozilo.<\/p>\n\n\n\n<p class=\"wp-block-paragraph\" style=\"font-size:10px\">SOURCE: <a href=\"https:\/\/www.politika.rs\/sr\/clanak\/578458\/Amerika-Proveo-16-godina-nevin-u-zatvoru-pa-ga-ubio-zamenik-serifa\" target=\"_blank\" rel=\"noopener\">Politics<\/a> PHOTO: YOUTUBE SCREENSHOT <\/p>","protected":false},"excerpt":{"rendered":"<p>Afroamerikanca koji je nevin proveo vi\u0161e od 16 godina u zatvoru u saveznoj dr\u017eavi Florida, u ponedeljak, 16. oktobra je ubio zamenik \u0161erifa u dr\u017eavi D\u017eord\u017eiji tokom saobra\u0107ajnog zaustavljanja, saop\u0161tile su ameri\u010dke vlasti. Biro za istrage D\u017eord\u017eije (GBI), koja ispituje pucnjavu, utvrdio je da je u pitanju Lionard Alen Kjur (53), preneo je AP. Kjura, [&hellip;]<\/p>\n","protected":false},"author":3,"featured_media":0,"comment_status":"","ping_status":"","sticky":false,"template":"","format":"standard","meta":{"footnotes":""},"categories":[368,369],"tags":[538,24435,7241,1161,568,36398,543],"class_list":["post-30859","post","type-post","status-publish","format-standard","hentry","category-vesti-amerika","category-vesti","tag-amerika","tag-amerikanac","tag-policajac","tag-policija","tag-sad","tag-ubistvo","tag-zatvor"],"_links":{"self":[{"href":"https:\/\/chicagodesavanja.us\/en\/wp-json\/wp\/v2\/posts\/30859","targetHints":{"allow":["GET"]}}],"collection":[{"href":"https:\/\/chicagodesavanja.us\/en\/wp-json\/wp\/v2\/posts"}],"about":[{"href":"https:\/\/chicagodesavanja.us\/en\/wp-json\/wp\/v2\/types\/post"}],"author":[{"embeddable":true,"href":"https:\/\/chicagodesavanja.us\/en\/wp-json\/wp\/v2\/users\/3"}],"replies":[{"embeddable":true,"href":"https:\/\/chicagodesavanja.us\/en\/wp-json\/wp\/v2\/comments?post=30859"}],"version-history":[{"count":0,"href":"https:\/\/chicagodesavanja.us\/en\/wp-json\/wp\/v2\/posts\/30859\/revisions"}],"wp:attachment":[{"href":"https:\/\/chicagodesavanja.us\/en\/wp-json\/wp\/v2\/media?parent=30859"}],"wp:term":[{"taxonomy":"category","embeddable":true,"href":"https:\/\/chicagodesavanja.us\/en\/wp-json\/wp\/v2\/categories?post=30859"},{"taxonomy":"post_tag","embeddable":true,"href":"https:\/\/chicagodesavanja.us\/en\/wp-json\/wp\/v2\/tags?post=30859"}],"curies":[{"name":"WP","href":"https:\/\/api.w.org\/{rel}","templated":true}]}}