{"id":30778,"date":"2023-10-23T05:46:47","date_gmt":"2023-10-23T05:46:47","guid":{"rendered":"https:\/\/chicagodesavanja.us\/blinken-upozorava-amerika-spremna-da-odgovori-na-eskalaciju-tokom-rata-izraela-i-hamasa\/"},"modified":"2023-10-23T05:46:47","modified_gmt":"2023-10-23T05:46:47","slug":"blinken-upozorava-amerika-spremna-da-odgovori-na-eskalaciju-tokom-rata-izraela-i-hamasa","status":"publish","type":"post","link":"https:\/\/chicagodesavanja.us\/en\/vesti\/blinken-upozorava-amerika-spremna-da-odgovori-na-eskalaciju-tokom-rata-izraela-i-hamasa\/","title":{"rendered":"Blinken upozorava: Amerika spremna da odgovori na eskalaciju tokom rata Izraela i Hamasa"},"content":{"rendered":"<p class=\"wp-block-paragraph\">Dr\u017eavni sekretar Antony Blinken izjavio je da SAD o\u010dekuju da \u0107e rat Izraela i Hamasa eskalirati kroz ume\u0161anost Irana i naveo da je vlada spremna da odgovori ako ameri\u010dko osoblje ili oru\u017eane snage postanu meta bilo kakvih takvih neprijateljstava.<\/p>\n\n\n\n<p class=\"wp-block-paragraph\">&#8222;Ovo nije ono \u0161to \u017eelimo, ni ono \u0161to tra\u017eimo. Ne \u017eelimo eskalaciju. Ne \u017eelimo da na\u0161e snage ili na\u0161e osoblje budu pod vatrom. Ali ako se to dogodi, spremni smo za to&#8220;, rekao je Blinken.<\/p>\n\n\n\n<p class=\"wp-block-paragraph\">SAD su ranije saop\u0161tile da bi osoblje u njihovoj ambasadi u Iraku trebalo da napusti zemlju.<\/p>\n\n\n\n<p class=\"wp-block-paragraph\">Blinken, koji je nedavno posetio region, rekao je da je eskalacija verovatna i rekao da niko ne \u017eeli da vidi drugi ili tre\u0107i front u ratu.<\/p>\n\n\n\n<p class=\"wp-block-paragraph\">Blinken ka\u017ee da su SAD spremne da odgovore na eskalaciju ili ga\u0111anje ameri\u010dkih snaga tokom rata Izraela i Hamasa.<\/p>\n\n\n\n<p class=\"wp-block-paragraph\" style=\"font-size:10px\">SOURCE: <a href=\"https:\/\/www.kurir.rs\/planeta\/4272850\/blinken-upozorava-amerika-spremna-da-odgovori-na-eskalaciju-tokom-rata-izraela-i-hamasa\" target=\"_blank\" rel=\"noopener\">Courier<\/a> PHOTO: YOUTUBE SCREENSHOT <\/p>","protected":false},"excerpt":{"rendered":"<p>Dr\u017eavni sekretar Antony Blinken izjavio je da SAD o\u010dekuju da \u0107e rat Izraela i Hamasa eskalirati kroz ume\u0161anost Irana i naveo da je vlada spremna da odgovori ako ameri\u010dko osoblje ili oru\u017eane snage postanu meta bilo kakvih takvih neprijateljstava. &#8222;Ovo nije ono \u0161to \u017eelimo, ni ono \u0161to tra\u017eimo. Ne \u017eelimo eskalaciju. Ne \u017eelimo da na\u0161e [&hellip;]<\/p>\n","protected":false},"author":3,"featured_media":0,"comment_status":"","ping_status":"","sticky":false,"template":"","format":"standard","meta":{"wpai_generated_summary":"","footnotes":""},"categories":[368,369],"tags":[538,17239,43457,17799,948,1154,568,3671],"class_list":["post-30778","post","type-post","status-publish","format-standard","hentry","category-vesti-amerika","category-vesti","tag-amerika","tag-biden","tag-blinken","tag-hamas","tag-izrael","tag-rat","tag-sad","tag-upozorenje"],"_links":{"self":[{"href":"https:\/\/chicagodesavanja.us\/en\/wp-json\/wp\/v2\/posts\/30778","targetHints":{"allow":["GET"]}}],"collection":[{"href":"https:\/\/chicagodesavanja.us\/en\/wp-json\/wp\/v2\/posts"}],"about":[{"href":"https:\/\/chicagodesavanja.us\/en\/wp-json\/wp\/v2\/types\/post"}],"author":[{"embeddable":true,"href":"https:\/\/chicagodesavanja.us\/en\/wp-json\/wp\/v2\/users\/3"}],"replies":[{"embeddable":true,"href":"https:\/\/chicagodesavanja.us\/en\/wp-json\/wp\/v2\/comments?post=30778"}],"version-history":[{"count":0,"href":"https:\/\/chicagodesavanja.us\/en\/wp-json\/wp\/v2\/posts\/30778\/revisions"}],"wp:attachment":[{"href":"https:\/\/chicagodesavanja.us\/en\/wp-json\/wp\/v2\/media?parent=30778"}],"wp:term":[{"taxonomy":"category","embeddable":true,"href":"https:\/\/chicagodesavanja.us\/en\/wp-json\/wp\/v2\/categories?post=30778"},{"taxonomy":"post_tag","embeddable":true,"href":"https:\/\/chicagodesavanja.us\/en\/wp-json\/wp\/v2\/tags?post=30778"}],"curies":[{"name":"WP","href":"https:\/\/api.w.org\/{rel}","templated":true}]}}