{"id":30666,"date":"2023-10-30T05:44:59","date_gmt":"2023-10-30T05:44:59","guid":{"rendered":"https:\/\/chicagodesavanja.us\/kamala-harris-vasington-nema-nameru-da-salje-svoju-vojsku-u-izrael-ili-gazu\/"},"modified":"2023-10-30T05:44:59","modified_gmt":"2023-10-30T05:44:59","slug":"kamala-harris-vasington-nema-nameru-da-salje-svoju-vojsku-u-izrael-ili-gazu","status":"publish","type":"post","link":"https:\/\/chicagodesavanja.us\/en\/vesti\/kamala-harris-vasington-nema-nameru-da-salje-svoju-vojsku-u-izrael-ili-gazu\/","title":{"rendered":"Kamala Harris: Va\u0161ington nema nameru da \u0161alje svoju vojsku u Izrael ili Gazu"},"content":{"rendered":"<p class=\"wp-block-paragraph\">Potpredsednica SAD Kamala Harris rekla je da Va\u0161ington &#8222;apsolutno nema nameru&#8220; da \u0161alje svoje borbene jedinice u Izrael ili Gazu, usled bojazni oko \u0161ireg regionalnog konflikta.<\/p>\n\n\n\n<p class=\"wp-block-paragraph\">&#8222;Apsolutno nemamo nameru, niti planove, da \u0161aljemo vojsku u Izrael ili Gazu. Ta\u010dka&#8220;, rekla je Harris u intervjuu za CBS.&nbsp;<\/p>\n\n\n\n<p class=\"wp-block-paragraph\">Harris, koja je dobro informisana o krizi na Bliskom istoku, ka\u017ee da se blisko dr\u017ei pristupa predsedni\u010dke administracije, a to je &#8211; podr\u0161ka Izraelu da se odbrani, ali istovremeno i da se za\u0161tite civili.<\/p>\n\n\n\n<p class=\"wp-block-paragraph\">&#8222;Prema ve\u0107ini procena, najmanje 1.400 Izraelaca je ubijeno. Izrael, bez ikakve dileme, ima pravo na samoodbranu. Tako\u0111e, veoma je va\u017eno razdvojiti Hamas i palestinski narod, koji zaslu\u017euje podjednake mere bezbednosti, samoodlu\u010dnosti i dostojanstva. Bili smo veoma jasni kada smo rekli da pravila rata moraju da se po\u0161tuju i da mora da se neometano distribuira humanitarna pomo\u0107&#8220;, istakla je potpredsednica SAD.<\/p>\n\n\n\n<p class=\"wp-block-paragraph\">Povodom zabrinutosti da bi konflikt mogao da se pro\u0161iri van Pojasa Gaze, Harris je ponovila upozorenje predsednika SAD Joe Biden-a Iranu da se ne me\u0161a.<\/p>\n\n\n\n<p class=\"wp-block-paragraph\">U drugom delu intervjua, Harris je odbacila pitanja o godinama Biden-a, koji \u0107e 20. novembra napuniti 81 godinu, odnosno, da li \u0107e ostati zdravstveno vitalan do slede\u0107ih izbora, u novembru naredne godine.<\/p>\n\n\n\n<p class=\"wp-block-paragraph\">&#8222;Nemam vremena za naga\u0111anja da li bi i koji demokrata mogao da ga zameni. Ne\u0107u uop\u0161te time da se bavim, jer Biden je veoma \u017eivahan i kandiduje se za reizbor&#8220;, poru\u010dila je Harris.<\/p>\n\n\n\n<p class=\"wp-block-paragraph\" style=\"font-size:10px\">SOURCE: <a href=\"https:\/\/www.rtv.rs\/sr_lat\/svet\/kamala-haris-vasington-nema-nameru-da-salje-svoju-vojsku-u-izrael-ili-gazu_1488646.html\" target=\"_blank\" rel=\"noopener\">RTV<\/a> PHOTO: YOUTUBE SCREENSHOT <\/p>","protected":false},"excerpt":{"rendered":"<p>Potpredsednica SAD Kamala Harris rekla je da Va\u0161ington &#8222;apsolutno nema nameru&#8220; da \u0161alje svoje borbene jedinice u Izrael ili Gazu, usled bojazni oko \u0161ireg regionalnog konflikta. &#8222;Apsolutno nemamo nameru, niti planove, da \u0161aljemo vojsku u Izrael ili Gazu. Ta\u010dka&#8220;, rekla je Harris u intervjuu za CBS.&nbsp; Harris, koja je dobro informisana o krizi na Bliskom [&hellip;]<\/p>\n","protected":false},"author":3,"featured_media":0,"comment_status":"","ping_status":"","sticky":false,"template":"","format":"standard","meta":{"footnotes":""},"categories":[368,369],"tags":[538,12682,948,8630,1154,568,549,3761],"class_list":["post-30666","post","type-post","status-publish","format-standard","hentry","category-vesti-amerika","category-vesti","tag-amerika","tag-gaza","tag-izrael","tag-kamala-harris","tag-rat","tag-sad","tag-vasington-2","tag-vojska"],"_links":{"self":[{"href":"https:\/\/chicagodesavanja.us\/en\/wp-json\/wp\/v2\/posts\/30666","targetHints":{"allow":["GET"]}}],"collection":[{"href":"https:\/\/chicagodesavanja.us\/en\/wp-json\/wp\/v2\/posts"}],"about":[{"href":"https:\/\/chicagodesavanja.us\/en\/wp-json\/wp\/v2\/types\/post"}],"author":[{"embeddable":true,"href":"https:\/\/chicagodesavanja.us\/en\/wp-json\/wp\/v2\/users\/3"}],"replies":[{"embeddable":true,"href":"https:\/\/chicagodesavanja.us\/en\/wp-json\/wp\/v2\/comments?post=30666"}],"version-history":[{"count":0,"href":"https:\/\/chicagodesavanja.us\/en\/wp-json\/wp\/v2\/posts\/30666\/revisions"}],"wp:attachment":[{"href":"https:\/\/chicagodesavanja.us\/en\/wp-json\/wp\/v2\/media?parent=30666"}],"wp:term":[{"taxonomy":"category","embeddable":true,"href":"https:\/\/chicagodesavanja.us\/en\/wp-json\/wp\/v2\/categories?post=30666"},{"taxonomy":"post_tag","embeddable":true,"href":"https:\/\/chicagodesavanja.us\/en\/wp-json\/wp\/v2\/tags?post=30666"}],"curies":[{"name":"WP","href":"https:\/\/api.w.org\/{rel}","templated":true}]}}