{"id":30633,"date":"2023-11-01T05:51:10","date_gmt":"2023-11-01T05:51:10","guid":{"rendered":"https:\/\/chicagodesavanja.us\/ka-americi-krenulo-pet-hiljada-migranata\/"},"modified":"2023-11-01T05:51:10","modified_gmt":"2023-11-01T05:51:10","slug":"ka-americi-krenulo-pet-hiljada-migranata","status":"publish","type":"post","link":"https:\/\/chicagodesavanja.us\/en\/vesti\/ka-americi-krenulo-pet-hiljada-migranata\/","title":{"rendered":"Ka Americi krenulo pet hiljada migranata"},"content":{"rendered":"<p class=\"wp-block-paragraph\">Migrantski karavan velikog broja Centralnoamerikanaca i Venecuelanaca napustio je ju\u017eni Meksiko i krenuo ka SAD.<\/p>\n\n\n\n<p class=\"wp-block-paragraph\">Rekli su organizatori i zvani\u010dnici, suo\u010davaju\u0107i Va\u0161ington sa jo\u0161 jednim pritiskom na njegovu ju\u017enu granicu.<\/p>\n\n\n\n<p class=\"wp-block-paragraph\">Zvani\u010dnici u ju\u017enoj dr\u017eavi \u010cijapas rekli su da je oko 3.500 ljudi krenulo pe\u0161ice iz grada Tapa\u010dule u blizini granice sa Gvatemalom, dok je jedan od organizatora karavana Irineo Muhika rekao da grupa broji oko 5.000.<\/p>\n\n\n\n<p class=\"wp-block-paragraph\">Ameri\u010dki predsednik Biden, koji \u0107e se kandidovati na slede\u0107im predsedni\u010dkim izborima, pod pritiskom je da zaustavi migrante koji ilegalno prelaze iz Meksika u SAD.<\/p>\n\n\n\n<p class=\"wp-block-paragraph\">Prema Muhikinim re\u010dima, u karavanu su migranti sa Kube, Salvadora, Gvatemale, Haitija, Hondurasa i Venecuele.<\/p>\n\n\n\n<p class=\"wp-block-paragraph\">U pratnji civilne za\u0161tite i kola hitne pomo\u0107i, migranti su pro\u0161etali priobalnim autoputem, planiraju\u0107i da preno\u0107e u op\u0161tini Huehuetan, oko 25 kilometara od po\u010detne ta\u010dke.<\/p>\n\n\n\n<p class=\"wp-block-paragraph\">Muhika je rekao da su migranti odlu\u010dili da napuste Tapa\u010dulu zbog frustracije \u0161to nisu mogli da dobiju humanitarne vize.<\/p>\n\n\n\n<p class=\"wp-block-paragraph\">Neki migranti su \u010dak ponudili pomo\u0107 u obnovi luke Akapulko, koju je pro\u0161le nedelje uni\u0161tio uragan, ali vlasti nisu odgovorile na njihove ponude.<\/p>\n\n\n\n<p class=\"wp-block-paragraph\">Mnogi migranti be\u017ee od siroma\u0161tva i politi\u010dke nestabilnosti u svojim mati\u010dnim zemljama, a ove godine je rekordan broj ljudi pre\u0161ao region Darijen Rift koji povezuje Panamu i Kolumbiju. <\/p>\n\n\n\n<p class=\"wp-block-paragraph\">Milioni Venecuelanaca napustili su svoje domove zbog ekonomske krize koja je o\u0161tetila nekada prosperitetnog proizvo\u0111a\u010da nafte.<\/p>\n\n\n\n<p class=\"wp-block-paragraph\">&#8222;Veoma je te\u0161ko u Venecueli, ne mo\u017eemo da \u017eivimo sa novcem koji dobijemo, nije nam dovoljno, i zato idemo u SAD&#8220;, rekao je Oskar Gutijerez, migrant iz Venecuele koji je putovao sa suprugom i dve \u0107erke.<\/p>\n\n\n\n<p class=\"wp-block-paragraph\" style=\"font-size:10px\">SOURCE: <a href=\"https:\/\/www.b92.net\/info\/vesti\/index.php?yyyy=2023&amp;mm=10&amp;dd=30&amp;nav_category=78&amp;nav_id=2424470\" target=\"_blank\" rel=\"noopener\">B92<\/a> PHOTO: YOUTUBE SCREENSHOT <\/p>","protected":false},"excerpt":{"rendered":"<p>Migrantski karavan velikog broja Centralnoamerikanaca i Venecuelanaca napustio je ju\u017eni Meksiko i krenuo ka SAD. Rekli su organizatori i zvani\u010dnici, suo\u010davaju\u0107i Va\u0161ington sa jo\u0161 jednim pritiskom na njegovu ju\u017enu granicu. Zvani\u010dnici u ju\u017enoj dr\u017eavi \u010cijapas rekli su da je oko 3.500 ljudi krenulo pe\u0161ice iz grada Tapa\u010dule u blizini granice sa Gvatemalom, dok je jedan [&hellip;]<\/p>\n","protected":false},"author":3,"featured_media":0,"comment_status":"","ping_status":"","sticky":false,"template":"","format":"standard","meta":{"footnotes":""},"categories":[368,369],"tags":[538,20091,44581,5393,19448,568,549],"class_list":["post-30633","post","type-post","status-publish","format-standard","hentry","category-vesti-amerika","category-vesti","tag-amerika","tag-granica","tag-meksisko","tag-migranti","tag-migrantska-kriza","tag-sad","tag-vasington-2"],"_links":{"self":[{"href":"https:\/\/chicagodesavanja.us\/en\/wp-json\/wp\/v2\/posts\/30633","targetHints":{"allow":["GET"]}}],"collection":[{"href":"https:\/\/chicagodesavanja.us\/en\/wp-json\/wp\/v2\/posts"}],"about":[{"href":"https:\/\/chicagodesavanja.us\/en\/wp-json\/wp\/v2\/types\/post"}],"author":[{"embeddable":true,"href":"https:\/\/chicagodesavanja.us\/en\/wp-json\/wp\/v2\/users\/3"}],"replies":[{"embeddable":true,"href":"https:\/\/chicagodesavanja.us\/en\/wp-json\/wp\/v2\/comments?post=30633"}],"version-history":[{"count":0,"href":"https:\/\/chicagodesavanja.us\/en\/wp-json\/wp\/v2\/posts\/30633\/revisions"}],"wp:attachment":[{"href":"https:\/\/chicagodesavanja.us\/en\/wp-json\/wp\/v2\/media?parent=30633"}],"wp:term":[{"taxonomy":"category","embeddable":true,"href":"https:\/\/chicagodesavanja.us\/en\/wp-json\/wp\/v2\/categories?post=30633"},{"taxonomy":"post_tag","embeddable":true,"href":"https:\/\/chicagodesavanja.us\/en\/wp-json\/wp\/v2\/tags?post=30633"}],"curies":[{"name":"WP","href":"https:\/\/api.w.org\/{rel}","templated":true}]}}