{"id":30574,"date":"2023-11-05T08:26:37","date_gmt":"2023-11-05T08:26:37","guid":{"rendered":"https:\/\/chicagodesavanja.us\/biden-postignut-napredak-u-obezbedjivanju-tzv-humanitarne-pauze-u-gazi\/"},"modified":"2023-11-05T08:26:37","modified_gmt":"2023-11-05T08:26:37","slug":"biden-postignut-napredak-u-obezbedjivanju-tzv-humanitarne-pauze-u-gazi","status":"publish","type":"post","link":"https:\/\/chicagodesavanja.us\/en\/vesti\/biden-postignut-napredak-u-obezbedjivanju-tzv-humanitarne-pauze-u-gazi\/","title":{"rendered":"Biden: Postignut napredak u obezbe\u0111ivanju tzv. humanitarne pauze u Gazi"},"content":{"rendered":"<p class=\"wp-block-paragraph\">Predsednik SAD Joe Biden izjavio je da je postignut napredak u obezbe\u0111ivanju takozvane humanitarne pauze u borbama izme\u0111u Izraela i Hamasa.<\/p>\n\n\n\n<p class=\"wp-block-paragraph\">Na pitanje da li je bilo napretka po tom pitanju, Biden je odgovorio &#8222;da&#8220; dok je izlazio iz crkve u Delaveru, preneo je &#8222;Times of Israel&#8220;.<\/p>\n\n\n\n<p class=\"wp-block-paragraph\">On nije izneo druge detalje.<\/p>\n\n\n\n<p class=\"wp-block-paragraph\">Ranije, ameri\u010dki dr\u017eavni sekretar Anthony Blinken rekao je novinarima u Amanu da bi humanitarna pauza u borbama pomogla da se za\u0161tite civili i da se pove\u0107a pomo\u0107 u opkoljenom Pojasu Gaze.<\/p>\n\n\n\n<p class=\"wp-block-paragraph\" style=\"font-size:10px\">IZVOR: TANJUG, <a href=\"https:\/\/www.b92.net\/info\/vesti\/index.php?yyyy=2023&amp;mm=11&amp;dd=04&amp;nav_category=78&amp;nav_id=2427663\" target=\"_blank\" rel=\"noreferrer noopener\">B92<\/a>, PHOTO: PRINTSCREEN <\/p>","protected":false},"excerpt":{"rendered":"<p>Predsednik SAD Joe Biden izjavio je da je postignut napredak u obezbe\u0111ivanju takozvane humanitarne pauze u borbama izme\u0111u Izraela i Hamasa. Na pitanje da li je bilo napretka po tom pitanju, Biden je odgovorio &#8222;da&#8220; dok je izlazio iz crkve u Delaveru, preneo je &#8222;Times of Israel&#8220;. On nije izneo druge detalje. Ranije, ameri\u010dki dr\u017eavni [&hellip;]<\/p>\n","protected":false},"author":1,"featured_media":0,"comment_status":"","ping_status":"","sticky":false,"template":"","format":"standard","meta":{"footnotes":""},"categories":[368,431,369],"tags":[45930,12682,45931,592,45932],"class_list":["post-30574","post","type-post","status-publish","format-standard","hentry","category-vesti-amerika","category-svet","category-vesti","tag-anthony-blinken","tag-gaza","tag-humanitarna-pauza","tag-joe-biden","tag-napredak"],"_links":{"self":[{"href":"https:\/\/chicagodesavanja.us\/en\/wp-json\/wp\/v2\/posts\/30574","targetHints":{"allow":["GET"]}}],"collection":[{"href":"https:\/\/chicagodesavanja.us\/en\/wp-json\/wp\/v2\/posts"}],"about":[{"href":"https:\/\/chicagodesavanja.us\/en\/wp-json\/wp\/v2\/types\/post"}],"author":[{"embeddable":true,"href":"https:\/\/chicagodesavanja.us\/en\/wp-json\/wp\/v2\/users\/1"}],"replies":[{"embeddable":true,"href":"https:\/\/chicagodesavanja.us\/en\/wp-json\/wp\/v2\/comments?post=30574"}],"version-history":[{"count":0,"href":"https:\/\/chicagodesavanja.us\/en\/wp-json\/wp\/v2\/posts\/30574\/revisions"}],"wp:attachment":[{"href":"https:\/\/chicagodesavanja.us\/en\/wp-json\/wp\/v2\/media?parent=30574"}],"wp:term":[{"taxonomy":"category","embeddable":true,"href":"https:\/\/chicagodesavanja.us\/en\/wp-json\/wp\/v2\/categories?post=30574"},{"taxonomy":"post_tag","embeddable":true,"href":"https:\/\/chicagodesavanja.us\/en\/wp-json\/wp\/v2\/tags?post=30574"}],"curies":[{"name":"WP","href":"https:\/\/api.w.org\/{rel}","templated":true}]}}