{"id":30493,"date":"2023-11-10T05:44:00","date_gmt":"2023-11-10T05:44:00","guid":{"rendered":"https:\/\/chicagodesavanja.us\/zelenski-potpisao-zakone-o-produzenju-ratnog-stanja-i-opste-mobilizacije\/"},"modified":"2023-11-10T05:44:00","modified_gmt":"2023-11-10T05:44:00","slug":"zelenski-potpisao-zakone-o-produzenju-ratnog-stanja-i-opste-mobilizacije","status":"publish","type":"post","link":"https:\/\/chicagodesavanja.us\/en\/vesti\/zelenski-potpisao-zakone-o-produzenju-ratnog-stanja-i-opste-mobilizacije\/","title":{"rendered":"Zelenski potpisao zakone o produ\u017eenju ratnog stanja i op\u0161te mobilizacije"},"content":{"rendered":"<p class=\"wp-block-paragraph\">Ukrajinski predsednik Volodimir Zelenski potpisao je zakone o produ\u017eenju vanrednog stanja i op\u0161te mobilizacije za 90 dana.<\/p>\n\n\n\n<p class=\"wp-block-paragraph\">U me\u0111uvremenu je Rusija pokrenula dva raketna napada na ukrajinske civilne ciljeve.<\/p>\n\n\n\n<p class=\"wp-block-paragraph\">Zakoni koje je ukrajinski parlament usvojio produ\u017eavaju vanredno stanje i op\u0161tu mobilizaciju do 14. februara 2024. godine.<\/p>\n\n\n\n<p class=\"wp-block-paragraph\">Ratno stanje u Ukrajini je uvedeno 24. februara 2022, na dan kada je zapo\u010dela ruska invazija.<\/p>\n\n\n\n<p class=\"wp-block-paragraph\">Istovremeno je objavljena op\u0161ta mobilizacija. Glasanje ukrajinskog parlamenta o produ\u017eenju je deveto od po\u010detka rata 2022, prenosi Radio Slobodna Evropa.<\/p>\n\n\n\n<p class=\"wp-block-paragraph\">Glavni \u0161tab ukrajinske vojske pomenuo je dva raketna napada ranije dok je u regijama Dnjepropetrovsk, Kirovohrad, Herson i Mikolajev progla\u0161ena uzbuna za vazdu\u0161ni napad.<\/p>\n\n\n\n<p class=\"wp-block-paragraph\">Guverner ukrajinske oblasti Dnjepropetrovsk Serhi Lisak odvojeno je rekao da je jedan ruski projektil iznad oblasti oborila ukrajinska protivvazdu\u0161na odbrana.<\/p>\n\n\n\n<p class=\"wp-block-paragraph\"><\/p>\n\n\n\n<p class=\"wp-block-paragraph\" style=\"font-size:10px\">SOURCE: <a href=\"https:\/\/n1info.rs\/svet\/predsednik-ukrajine-potpisao-zakone-o-produzenju-ratnog-stanja-i-opste-mobilizacije\/\" target=\"_blank\" rel=\"noopener\">N1<\/a> PHOTO: SCREENSHOT<\/p>","protected":false},"excerpt":{"rendered":"<p>Ukrajinski predsednik Volodimir Zelenski potpisao je zakone o produ\u017eenju vanrednog stanja i op\u0161te mobilizacije za 90 dana. U me\u0111uvremenu je Rusija pokrenula dva raketna napada na ukrajinske civilne ciljeve. Zakoni koje je ukrajinski parlament usvojio produ\u017eavaju vanredno stanje i op\u0161tu mobilizaciju do 14. februara 2024. godine. Ratno stanje u Ukrajini je uvedeno 24. februara 2022, [&hellip;]<\/p>\n","protected":false},"author":4,"featured_media":0,"comment_status":"","ping_status":"","sticky":false,"template":"","format":"standard","meta":{"wpai_generated_summary":"","footnotes":""},"categories":[431,369],"tags":[17825,39897,42059,1037,1487,1792],"class_list":["post-30493","post","type-post","status-publish","format-standard","hentry","category-svet","category-vesti","tag-mobilizacija","tag-rat-ukrajina","tag-rat-ukrajine-i-rusije","tag-ukrajina","tag-volodimir-zelenski","tag-zelenski"],"_links":{"self":[{"href":"https:\/\/chicagodesavanja.us\/en\/wp-json\/wp\/v2\/posts\/30493","targetHints":{"allow":["GET"]}}],"collection":[{"href":"https:\/\/chicagodesavanja.us\/en\/wp-json\/wp\/v2\/posts"}],"about":[{"href":"https:\/\/chicagodesavanja.us\/en\/wp-json\/wp\/v2\/types\/post"}],"author":[{"embeddable":true,"href":"https:\/\/chicagodesavanja.us\/en\/wp-json\/wp\/v2\/users\/4"}],"replies":[{"embeddable":true,"href":"https:\/\/chicagodesavanja.us\/en\/wp-json\/wp\/v2\/comments?post=30493"}],"version-history":[{"count":0,"href":"https:\/\/chicagodesavanja.us\/en\/wp-json\/wp\/v2\/posts\/30493\/revisions"}],"wp:attachment":[{"href":"https:\/\/chicagodesavanja.us\/en\/wp-json\/wp\/v2\/media?parent=30493"}],"wp:term":[{"taxonomy":"category","embeddable":true,"href":"https:\/\/chicagodesavanja.us\/en\/wp-json\/wp\/v2\/categories?post=30493"},{"taxonomy":"post_tag","embeddable":true,"href":"https:\/\/chicagodesavanja.us\/en\/wp-json\/wp\/v2\/tags?post=30493"}],"curies":[{"name":"WP","href":"https:\/\/api.w.org\/{rel}","templated":true}]}}