{"id":30416,"date":"2023-11-15T05:44:00","date_gmt":"2023-11-15T05:44:00","guid":{"rendered":"https:\/\/chicagodesavanja.us\/masakr-u-selu-u-burkini-faso-ubijeno-oko-100-civila-medju-zrtvama-zene-i-deca\/"},"modified":"2023-11-15T05:44:00","modified_gmt":"2023-11-15T05:44:00","slug":"masakr-u-selu-u-burkini-faso-ubijeno-oko-100-civila-medju-zrtvama-zene-i-deca","status":"publish","type":"post","link":"https:\/\/chicagodesavanja.us\/en\/vesti\/masakr-u-selu-u-burkini-faso-ubijeno-oko-100-civila-medju-zrtvama-zene-i-deca\/","title":{"rendered":"Masakr u selu u Burkini Faso: Ubijeno oko 100 civila, me\u0111u \u017ertvama \u017eene i deca"},"content":{"rendered":"<p class=\"wp-block-paragraph\">Oko 100 civila je ubijeno u masakru do kojeg je do\u0161lo u jednom selu u Burkini Faso na zapadu Afrike, saop\u0161tila je danas diplomatska pres slu\u017eba Evropske unije (EEAS) a prenosi CNN.<\/p>\n\n\n\n<p class=\"wp-block-paragraph\">\u201eBlizu stotinu civila, uklju\u010duju\u0107i \u017eene i decu, ubijeno je, prema izve\u0161tajima, u masakru u selu Zaongo na severu centralnog dela Burkine Faso\u201c, navodi se u saop\u0161tenju.<\/p>\n\n\n\n<p class=\"wp-block-paragraph\">EU je izrazila \u201epunu solidarnost sa narodom Burikne Faso\u201c opisav\u0161i ga kao \u201eprvu \u017ertvu neprestanog pogor\u0161avanja bezbednosne situacije u zemlji\u201c.<\/p>\n\n\n\n<p class=\"wp-block-paragraph\">Napad je osudila vlada SAD koja je zajedno sa EU pozvala prelazne vlasti u toj zemlji da \u201erasvetle okolnosti\u201c u kojima je do\u0161lo do pokolja \u201ekako bi se utvrdilo ko je odgovoran\u201c.<\/p>\n\n\n\n<p class=\"wp-block-paragraph\">Burkina Faso je pod vla\u0161\u0107u vojne hunte koja je do\u0161la na vlast u dr\u017eavnom udaru u julu 2022. godine.<\/p>\n\n\n\n<p class=\"wp-block-paragraph\">Otkako je preuzela vlast, hunta je prioritet dala bezbednosti u zemlji, ali ima pote\u0161ko\u0107a da se razra\u010duna sa islamisti\u010dkim militantnim grupama \u010diji su napadi doveli do vi\u0161estrukih pogibija ove godine.<\/p>\n\n\n\n<p class=\"wp-block-paragraph\">Po\u010detkom aprila ove godine, vlasti Burkine Faso okrivile su teroriste za ubistvo najmanje 44 ljudi u nekoliko odvojenih napada na sela na severu zemlje.<\/p>\n\n\n\n<p class=\"wp-block-paragraph\">Potom, istog meseca, u jednom selu ubijeno je 136 ljudi, uklju\u010duju\u0107i bebe, u sli\u010dnom pokolju koji su po\u010dinili naoru\u017eani ljudi u vojnim uniformama.<\/p>\n\n\n\n<p class=\"wp-block-paragraph\">Vlasti su osudile napad i otvorile istragu.<\/p>\n\n\n\n<p class=\"wp-block-paragraph\">Burkina Faso je epicentar nasilja koje se razlilo preko prostrane podsaharske oblasti Sahel, a iza njega stoje islamisti\u010dke grupe povezane sa Al Kaidom i Islamskom dr\u017eavom.<\/p>\n\n\n\n<p class=\"wp-block-paragraph\">Prema podacima Amnesti interne\u0161nala, velika prostranstva siroma\u0161ne Burkine Faso \u201epod opsadom su naoru\u017eanih grupa\u201c koje \u201e\u010dine ratne zlo\u010dine i kr\u0161e ljudska prava.\u201c<\/p>\n\n\n\n<p class=\"wp-block-paragraph\"><\/p>\n\n\n\n<p class=\"wp-block-paragraph\" style=\"font-size:10px\">SOURCE: <a href=\"https:\/\/nova.rs\/vesti\/svet\/masakr-u-selu-u-burkini-faso-ubijeno-oko-100-civila-medju-zrtvama-zene-i-deca\/\" target=\"_blank\" rel=\"noopener\">NOVA<\/a> PHOTO: SCREENSHOT<\/p>","protected":false},"excerpt":{"rendered":"<p>Oko 100 civila je ubijeno u masakru do kojeg je do\u0161lo u jednom selu u Burkini Faso na zapadu Afrike, saop\u0161tila je danas diplomatska pres slu\u017eba Evropske unije (EEAS) a prenosi CNN. \u201eBlizu stotinu civila, uklju\u010duju\u0107i \u017eene i decu, ubijeno je, prema izve\u0161tajima, u masakru u selu Zaongo na severu centralnog dela Burkine Faso\u201c, navodi [&hellip;]<\/p>\n","protected":false},"author":4,"featured_media":0,"comment_status":"","ping_status":"","sticky":false,"template":"","format":"standard","meta":{"wpai_generated_summary":"","footnotes":""},"categories":[431,369],"tags":[42941,40239,13412],"class_list":["post-30416","post","type-post","status-publish","format-standard","hentry","category-svet","category-vesti","tag-civili","tag-masakr","tag-zrtve"],"_links":{"self":[{"href":"https:\/\/chicagodesavanja.us\/en\/wp-json\/wp\/v2\/posts\/30416","targetHints":{"allow":["GET"]}}],"collection":[{"href":"https:\/\/chicagodesavanja.us\/en\/wp-json\/wp\/v2\/posts"}],"about":[{"href":"https:\/\/chicagodesavanja.us\/en\/wp-json\/wp\/v2\/types\/post"}],"author":[{"embeddable":true,"href":"https:\/\/chicagodesavanja.us\/en\/wp-json\/wp\/v2\/users\/4"}],"replies":[{"embeddable":true,"href":"https:\/\/chicagodesavanja.us\/en\/wp-json\/wp\/v2\/comments?post=30416"}],"version-history":[{"count":0,"href":"https:\/\/chicagodesavanja.us\/en\/wp-json\/wp\/v2\/posts\/30416\/revisions"}],"wp:attachment":[{"href":"https:\/\/chicagodesavanja.us\/en\/wp-json\/wp\/v2\/media?parent=30416"}],"wp:term":[{"taxonomy":"category","embeddable":true,"href":"https:\/\/chicagodesavanja.us\/en\/wp-json\/wp\/v2\/categories?post=30416"},{"taxonomy":"post_tag","embeddable":true,"href":"https:\/\/chicagodesavanja.us\/en\/wp-json\/wp\/v2\/tags?post=30416"}],"curies":[{"name":"WP","href":"https:\/\/api.w.org\/{rel}","templated":true}]}}