{"id":30386,"date":"2023-11-17T05:10:00","date_gmt":"2023-11-17T05:10:00","guid":{"rendered":"https:\/\/chicagodesavanja.us\/evropska-komisija-pokrece-postupak-protiv-hrvatske\/"},"modified":"2023-11-17T05:10:00","modified_gmt":"2023-11-17T05:10:00","slug":"evropska-komisija-pokrece-postupak-protiv-hrvatske","status":"publish","type":"post","link":"https:\/\/chicagodesavanja.us\/en\/vesti\/evropska-komisija-pokrece-postupak-protiv-hrvatske\/","title":{"rendered":"Evropska komisija pokre\u0107e postupak protiv Hrvatske"},"content":{"rendered":"<p class=\"wp-block-paragraph\">Evropska komisija odlu\u010dila je da pokrene postupak protiv Hrvatske pred Sudom Evropske unije.<\/p>\n\n\n\n<p class=\"wp-block-paragraph\">Postupak je pokrenut zbog toga \u0161to Hrvatska u svoje zakonodavstvo nije u potpunosti prenela sve relevantne odredbe direktive o ambala\u017ei i ambala\u017enom otpadu, kao i slu\u017ebenu opomenu zbog nepotpunog preno\u0161enja pravila EU o procesnim garancijama za decu u krivi\u010dnim postupcima.<\/p>\n\n\n\n<p class=\"wp-block-paragraph\">Direktiva o ambala\u017ei i ambala\u017enom otpadu ima za cilj za\u0161tititu okoline i da obezbedi dobro funkcionisanje unutra\u0161njeg tr\u017ei\u0161ta.<\/p>\n\n\n\n<p class=\"wp-block-paragraph\">Prema odredbama te direktive, zemlje \u010dlanice treba da rekliciraju 65 posto svog ambala\u017enog otpada do 2025. godine, \u0161to \u0107e porasti na 70 posto 2030.<\/p>\n\n\n\n<p class=\"wp-block-paragraph\">Dr\u017eave \u010dlanice bile su du\u017ene da prenesu direktivu u svoja nacionalna zakonodavstva do 5. jula 2020. godine. &#8222;Hrvatska nije u potpunosti prenela sve relevantne odredbe direktive u nacionalno zakonodavstvo&#8220;, navodi Komisija. Direktiva je zakonodavni akt Evropske unije, koji se ne sprovodi direktno u zemljama \u010dlanicama.<\/p>\n\n\n\n<p class=\"wp-block-paragraph\">Direktivom se defini\u0161e cilj koji se \u017eeli posti\u0107i u odre\u0111enom podru\u010dju, a zemljama \u010dlanicama se prepu\u0161ta da vlastitim zakonima obezbede sprovo\u0111enje tih ciljeva.<\/p>\n\n\n\n<p class=\"wp-block-paragraph\">Stoga se dr\u017eavama \u010dlanicama ostavlja rok, obi\u010dno od dve godine, da direktivu ugrade u svoje zakone. Komisija je u vezi s ovom direktivom poslala Hrvatskoj slu\u017ebenu opomenu u oktobru 2020, a nakon toga i obrazlo\u017eeno mi\u0161ljenje u junu 2021. Hrvatska je na to odgovorila u julu 2021., obavestiv\u0161i Komisiju da \u0107e direktivu preneti Zakonom o gospodarenju otpadom i Pravilnikom za ambala\u017eu i ambala\u017eni otpad.<\/p>\n\n\n\n<p class=\"wp-block-paragraph\">Iako je Zakon o gospodarenju otpadom stupio na snagu 31. jula 2021., potrebne zakonodavne mere za sprovo\u0111enje ovog Zakona nisu donesene niti je o njima obave\u0161tena Komisija.<\/p>\n\n\n\n<p class=\"wp-block-paragraph\">Budu\u0107i da &#8222;Hrvatska nije saop\u0161tila da je u potpunosti prenela sve relevantne odredbe ove direktive u svoje nacionalno zakonodavstvo, niti je dostavila dovoljno jasne i precizne informacije o merama kojima dr\u017eava \u010dlanica smatra da je ispunila razli\u010dite obveze koje joj navedena direktiva name\u0107e, Komisija je iz tih razloga odlu\u010dila da pokrene postupak ostupak protiv Hrvatske pred Sudom Evropske unije&#8220;.<\/p>\n\n\n\n<p class=\"wp-block-paragraph\">Kako prenosi Hina, Komisia \u0107e od Suda EU zatra\u017eiti izricanje financijskih sankcija Hrvatskoj, budu\u0107i da se slu\u010daj odnosi na nesaop\u0161tavanje mera o prenosu direktive.<\/p>\n\n\n\n<p class=\"wp-block-paragraph\" style=\"font-size:10px\">IZVOR: TANJUG, <a href=\"https:\/\/www.b92.net\/info\/vesti\/index.php?yyyy=2023&amp;mm=11&amp;dd=16&amp;nav_category=167&amp;nav_id=2434616\" target=\"_blank\" rel=\"noreferrer noopener\">B92<\/a>, PHOTO: PIXABAY <\/p>","protected":false},"excerpt":{"rendered":"<p>Evropska komisija odlu\u010dila je da pokrene postupak protiv Hrvatske pred Sudom Evropske unije. Postupak je pokrenut zbog toga \u0161to Hrvatska u svoje zakonodavstvo nije u potpunosti prenela sve relevantne odredbe direktive o ambala\u017ei i ambala\u017enom otpadu, kao i slu\u017ebenu opomenu zbog nepotpunog preno\u0161enja pravila EU o procesnim garancijama za decu u krivi\u010dnim postupcima. Direktiva o [&hellip;]<\/p>\n","protected":false},"author":1,"featured_media":12431,"comment_status":"","ping_status":"","sticky":false,"template":"","format":"standard","meta":{"wpai_generated_summary":"","footnotes":""},"categories":[431,369],"tags":[1481,10897,45182],"class_list":["post-30386","post","type-post","status-publish","format-standard","has-post-thumbnail","hentry","category-svet","category-vesti","tag-evropska-komisija","tag-hrvatska","tag-postupak"],"_links":{"self":[{"href":"https:\/\/chicagodesavanja.us\/en\/wp-json\/wp\/v2\/posts\/30386","targetHints":{"allow":["GET"]}}],"collection":[{"href":"https:\/\/chicagodesavanja.us\/en\/wp-json\/wp\/v2\/posts"}],"about":[{"href":"https:\/\/chicagodesavanja.us\/en\/wp-json\/wp\/v2\/types\/post"}],"author":[{"embeddable":true,"href":"https:\/\/chicagodesavanja.us\/en\/wp-json\/wp\/v2\/users\/1"}],"replies":[{"embeddable":true,"href":"https:\/\/chicagodesavanja.us\/en\/wp-json\/wp\/v2\/comments?post=30386"}],"version-history":[{"count":0,"href":"https:\/\/chicagodesavanja.us\/en\/wp-json\/wp\/v2\/posts\/30386\/revisions"}],"wp:featuredmedia":[{"embeddable":true,"href":"https:\/\/chicagodesavanja.us\/en\/wp-json\/wp\/v2\/media\/12431"}],"wp:attachment":[{"href":"https:\/\/chicagodesavanja.us\/en\/wp-json\/wp\/v2\/media?parent=30386"}],"wp:term":[{"taxonomy":"category","embeddable":true,"href":"https:\/\/chicagodesavanja.us\/en\/wp-json\/wp\/v2\/categories?post=30386"},{"taxonomy":"post_tag","embeddable":true,"href":"https:\/\/chicagodesavanja.us\/en\/wp-json\/wp\/v2\/tags?post=30386"}],"curies":[{"name":"WP","href":"https:\/\/api.w.org\/{rel}","templated":true}]}}