{"id":30369,"date":"2023-11-18T05:12:00","date_gmt":"2023-11-18T05:12:00","guid":{"rendered":"https:\/\/chicagodesavanja.us\/trump-u-privremeno-ukinuta-zabrana-da-javno-komentarise-sudsko-osoblje-u-njujorku\/"},"modified":"2023-11-18T05:12:00","modified_gmt":"2023-11-18T05:12:00","slug":"trump-u-privremeno-ukinuta-zabrana-da-javno-komentarise-sudsko-osoblje-u-njujorku","status":"publish","type":"post","link":"https:\/\/chicagodesavanja.us\/en\/vesti\/trump-u-privremeno-ukinuta-zabrana-da-javno-komentarise-sudsko-osoblje-u-njujorku\/","title":{"rendered":"Trump-u privremeno ukinuta zabrana da javno komentari\u0161e sudsko osoblje u Njujorku"},"content":{"rendered":"<p class=\"wp-block-paragraph\">Apelacioni sud je suspendovao raniju sudsku naredbu kojom je Donaldu Trump-u zabranjeno da komentari\u0161e sudsko osoblje u gra\u0111anskoj parnici za finansijske malverazcije koja se protiv njega vodi u Njujorku, nakon \u0161to je vre\u0111ao jednu sudsku slu\u017ebenicu.<\/p>\n\n\n\n<p class=\"wp-block-paragraph\">Sudija apelacionog suda Dejvid Fridman, zabrinut da se naredbom kr\u0161i pravo biv\u0161eg predsednika na slobodu govora, suspendovao je sudsku odluku i dozvolio Trump-u da slobodno govori o sudskim slu\u017ebenicima dok bude vo\u0111en du\u017ei apelacioni postupak.&nbsp;<\/p>\n\n\n\n<p class=\"wp-block-paragraph\">Fridmanova odluka tako\u0111e se odnosi na Trump-ove advokate i druge osobe uklju\u010dene u slu\u010daj, prenosi Glas Amerike. Prethodno je sudija Artur Engoron zabranio Trump-u da javno komentari\u0161e osoblje, po\u0161to je biv\u0161i predsednik drugog dana su\u0111enja u Njujorku na dru\u0161tvenim mre\u017eama izneo omalova\u017eavaju\u0107e komentare na ra\u010dun Engoronove sudske slu\u017ebenice.&nbsp;<\/p>\n\n\n\n<p class=\"wp-block-paragraph\">Sudija je kasnije Trump-a kaznio nov\u010danim kaznama u ukupnom iznosu od $15.000 zbog razli\u010ditih kr\u0161enja zabrane, a zabranom javnog komentarisanja obuhvatio je i Trampove advokate koji su dovodili u pitanje istaknutu ulogu pomenute&nbsp; slu\u017ebenice u sudnici.<\/p>\n\n\n\n<p class=\"wp-block-paragraph\">Apelacioni sudija Fridman doveo je u pitanje ovla\u0161\u0107enja Engorona da kontroli\u0161e Trump-ov govor izvan sudnice, kao \u0161to su \u010deste \u017ealbe biv\u0161eg predsednika zbog slu\u010daja na dru\u0161tvenim mre\u017eama i komentari TV kamerama u hodnicima suda.&nbsp;<\/p>\n\n\n\n<p class=\"wp-block-paragraph\">Priznao je da sudije \u010desto izdaju zabrane javnog komentarisanja, ali je rekao da se one uglavnom koriste u krivi\u010dnim slu\u010dajevima gde postoji strah da bi komentari o slu\u010daju mogli da uti\u010du na porotu.<br><br>Tramp-ovi advokati podnelu su tu\u017ebu protiv sudije Engorona, ocenjuju\u0107i da je zabrana komentarisanja predstavlja zloupotrebu njegovih ovla\u0161\u0107enja.<\/p>\n\n\n\n<p class=\"wp-block-paragraph\"><\/p>\n\n\n\n<p class=\"wp-block-paragraph\" style=\"font-size:10px\">SOURCE: <a href=\"https:\/\/www.euronews.rs\/svet\/fokus\/105287\/privremeno-ukinuta-zabrana-trampu-da-javno-komentarise-sudsko-osoblje-u-njujorku\/vest\" target=\"_blank\" rel=\"noopener\">EURONEWS <\/a>PHOTO: SCREENSHOT<\/p>","protected":false},"excerpt":{"rendered":"<p>Apelacioni sud je suspendovao raniju sudsku naredbu kojom je Donaldu Trump-u zabranjeno da komentari\u0161e sudsko osoblje u gra\u0111anskoj parnici za finansijske malverazcije koja se protiv njega vodi u Njujorku, nakon \u0161to je vre\u0111ao jednu sudsku slu\u017ebenicu. Sudija apelacionog suda Dejvid Fridman, zabrinut da se naredbom kr\u0161i pravo biv\u0161eg predsednika na slobodu govora, suspendovao je sudsku [&hellip;]<\/p>\n","protected":false},"author":4,"featured_media":0,"comment_status":"","ping_status":"","sticky":false,"template":"","format":"standard","meta":{"footnotes":""},"categories":[368,369],"tags":[538,38755,403,430,568,6590,2761],"class_list":["post-30369","post","type-post","status-publish","format-standard","hentry","category-vesti-amerika","category-vesti","tag-amerika","tag-bivsi-predsednik-tramp","tag-donald-tramp","tag-njujork","tag-sad","tag-sudjenje","tag-trump"],"_links":{"self":[{"href":"https:\/\/chicagodesavanja.us\/en\/wp-json\/wp\/v2\/posts\/30369","targetHints":{"allow":["GET"]}}],"collection":[{"href":"https:\/\/chicagodesavanja.us\/en\/wp-json\/wp\/v2\/posts"}],"about":[{"href":"https:\/\/chicagodesavanja.us\/en\/wp-json\/wp\/v2\/types\/post"}],"author":[{"embeddable":true,"href":"https:\/\/chicagodesavanja.us\/en\/wp-json\/wp\/v2\/users\/4"}],"replies":[{"embeddable":true,"href":"https:\/\/chicagodesavanja.us\/en\/wp-json\/wp\/v2\/comments?post=30369"}],"version-history":[{"count":0,"href":"https:\/\/chicagodesavanja.us\/en\/wp-json\/wp\/v2\/posts\/30369\/revisions"}],"wp:attachment":[{"href":"https:\/\/chicagodesavanja.us\/en\/wp-json\/wp\/v2\/media?parent=30369"}],"wp:term":[{"taxonomy":"category","embeddable":true,"href":"https:\/\/chicagodesavanja.us\/en\/wp-json\/wp\/v2\/categories?post=30369"},{"taxonomy":"post_tag","embeddable":true,"href":"https:\/\/chicagodesavanja.us\/en\/wp-json\/wp\/v2\/tags?post=30369"}],"curies":[{"name":"WP","href":"https:\/\/api.w.org\/{rel}","templated":true}]}}