{"id":30289,"date":"2023-11-23T05:29:41","date_gmt":"2023-11-23T05:29:41","guid":{"rendered":"https:\/\/chicagodesavanja.us\/zbog-cega-se-slavi-thanksgiving-day\/"},"modified":"2023-11-23T05:29:41","modified_gmt":"2023-11-23T05:29:41","slug":"zbog-cega-se-slavi-thanksgiving-day","status":"publish","type":"post","link":"https:\/\/chicagodesavanja.us\/en\/vesti\/zbog-cega-se-slavi-thanksgiving-day\/","title":{"rendered":"Zbog \u010dega se slavi Thanksgiving Day?"},"content":{"rendered":"<p class=\"wp-block-paragraph\">Thanksgiving Day je nacionalni praznik u Sjedinjenim Ameri\u010dkim Dr\u017eavama, me\u0111utim, malo je poznato odakle vu\u010de korene i zbog \u010dega se slavi.<\/p>\n\n\n\n<p class=\"wp-block-paragraph\">Po tradiciji Thanksgiving Day se slavi u okviru \u017eetvenih praznika, prenosi Al Jazeera Balkans.<\/p>\n\n\n\n<p class=\"wp-block-paragraph\">Slavi se svake godine \u010detvrtog \u010detvrtka u novembru, a ove godine to je 23. novembar. Abraham Linkoln bio je prvi ameri\u010dki predsednik koji je zvani\u010dno praznikom proglasio poslednji \u010detvrtak u novembru. Datum je formalno utvrdio predsednik Frenklin D. Ruzvelt 1939. a odobrio ga je Kongres 1941.<\/p>\n\n\n\n<p class=\"wp-block-paragraph\">Osim u SAD, slavi se u Kanadi, na Granadi, Filipinima, Svetoj Luciji, u Liberiji i Holandiji.<\/p>\n\n\n\n<p class=\"wp-block-paragraph\">Kana\u0111ani slave Thanksgiving Day drugog ponedeljka u oktobru. Dan nakon Thanksgiving Day-a nazvan je \u201ecrni petak\u201c (Black Friday) u \u017eurnalu iz 1951. a odnosio se na \u010dinjenicu da su radnici izostajali s posla zbog bolesti kako bi imali \u010detvorodnevni vikend za Thanksgiving.<\/p>\n\n\n\n<p class=\"wp-block-paragraph\"><strong>Za\u0161to se naziva Thanksgiving Day?<\/strong><\/p>\n\n\n\n<p class=\"wp-block-paragraph\">Po\u010deo je kao dan kad\u00a0su ljudi koristili priliku da se zahvale za blagoslov \u017eetve i prethodne godine. U SAD-u\u00a0slavlje se obi\u010dno prepoznaje kao doga\u0111aj kad su engleski kolonizatori odr\u017eali slavlje da zahvale ameri\u010dkim Indijancima jer su im pomogli da po\u010dnu novi \u017eivot u SAD-u. \u201ePrvi Thanksgiving Day\u201c slavljen je nakon njihove prve \u017eetve u oktobru 1621. Slavlje je trajalo tri dana.<\/p>\n\n\n\n<p class=\"wp-block-paragraph\"><strong>Pet pisama za pet ameri\u010dkih predsednika<\/strong><\/p>\n\n\n\n<p class=\"wp-block-paragraph\">Nakon duge kampanje, Sari D\u017eozef Hejl, urednici Godey\u2019s Lady Book, \u010dasopisa za \u017eene, pripisuju se zasluge da je Thanksgiving Day u\u010dinila nacionalnim praznikom u SAD-u. U znak podr\u0161ke za predlo\u017eeni nacionalni praznik\u00a0Hejl je pisala pisma petorici\u00a0predsednika SAD-a. Pismo koje je napisala Linkolnu\u00a0uverilo ga je da podr\u017ei zakone kojim se uspostavlja praznik Thanksgiving Day 1863. godine.<\/p>\n\n\n\n<p class=\"wp-block-paragraph\">\u201eMogli ste da primetite da\u00a0nekoliko godina unazad\u00a0postoji pove\u0107ano interesovanje u na\u0161oj zemlji da se Thanksgiving Day obele\u017eava na isti dan u svim dr\u017eavama; sad mu je potrebno nacionalno priznanje i autoritativna fiksacija\u00a0kako bi postao stalni, ameri\u010dki obi\u010daj i institucija\u201c, napisala je Hejl.<\/p>\n\n\n\n<p class=\"wp-block-paragraph\">Pre Thanksgiving Day-a\u00a0jedini nacionalni praznici koji su slavljeni u SAD-u bili su ro\u0111endan D\u017eord\u017ea Va\u0161ingtona i Dan nezavisnosti.<\/p>\n\n\n\n<p class=\"wp-block-paragraph\"><strong>Nacionalni dan \u017ealosti<\/strong><\/p>\n\n\n\n<p class=\"wp-block-paragraph\">Iz perspektive mnogih ameri\u010dkih Indijanaca, taj praznik simboli\u0161e vekove prisvajanja zemlje i propadanja plemenskih kultura. Protesna grupa Ujedinjeni ameri\u010dki Indijanci Nove Engleske optu\u017euje ameri\u010dke i evropske doseljenike da su izmislili pri\u010du o Thanksgiving Day-u i od 1970. organizuje Nacionalni dan \u017ealosti na taj dan.<\/p>\n\n\n\n<p class=\"wp-block-paragraph\"><strong>Za\u0161to se slavi sa \u0107urkom?<\/strong><\/p>\n\n\n\n<p class=\"wp-block-paragraph\">Jedenje \u0107urke za Thanksgiving Day prethodi Linkolnovoj nacionalizaciji praznika 1863. U 19. veku Aleksandar Hamilton, jedan od O\u010deva osniva\u010da SAD-a, proglasio je da nijedan \u201egra\u0111anin SAD-a ne treba da se ustru\u010dava od jedenja \u0107urke na Thanksgiving Day\u201c.<\/p>\n\n\n\n<p class=\"wp-block-paragraph\">Neki zasluge pripisuju urednici Hejl, \u010dije su pri\u010de naglasile pe\u010denu \u0107urku i s vremenom postale model za svetkovine. Drugi veruju da su ove ptice izabrane jer su dovoljno velike da nahrane mnogo ljudi, a ne slu\u017ee drugoj svrsi, kao \u0161to je le\u017eenje jaja ili davanje mleka.<\/p>\n\n\n\n<p class=\"wp-block-paragraph\">Vi\u0161e od 50 miliona \u0107uraka bude servirano u SAD-u svake godine za Thanksgiving Day. Skoro do 1947.\u00a0 ameri\u010dkim predsednicima poklanjane su \u0107urke na Thanksgiving Day. Te \u0107urke obi\u010dno su bivale pojedene.<\/p>\n\n\n\n<p class=\"wp-block-paragraph\"><strong>Tradicija pomilovanja<\/strong><\/p>\n\n\n\n<p class=\"wp-block-paragraph\">Ronald Regan bio je prvi predsednik koji je \u201epomilovao\u201c \u0107urku 1987. Njegov naslednik D\u017eord\u017e Bu\u0161 stariji, napravio je od ceremonije pomilovanja tradiciju Bele ku\u0107e od 1989. naovamo, sve do Donalda Trampa.<\/p>\n\n\n\n<p class=\"wp-block-paragraph\" style=\"font-size:10px\">SOURCE: <a href=\"https:\/\/www.danas.rs\/svet\/zbog-cega-se-slavi-dan-zahvalnosti\/\" target=\"_blank\" rel=\"noopener\">DANAS<\/a> PHOTO: PEXELS <\/p>","protected":false},"excerpt":{"rendered":"<p>Thanksgiving Day je nacionalni praznik u Sjedinjenim Ameri\u010dkim Dr\u017eavama, me\u0111utim, malo je poznato odakle vu\u010de korene i zbog \u010dega se slavi. Po tradiciji Thanksgiving Day se slavi u okviru \u017eetvenih praznika, prenosi Al Jazeera Balkans. Slavi se svake godine \u010detvrtog \u010detvrtka u novembru, a ove godine to je 23. novembar. Abraham Linkoln bio je prvi [&hellip;]<\/p>\n","protected":false},"author":3,"featured_media":0,"comment_status":"","ping_status":"","sticky":false,"template":"","format":"standard","meta":{"wpai_generated_summary":"","footnotes":""},"categories":[368,369],"tags":[538,17526,17357,923,5498,568,35916],"class_list":["post-30289","post","type-post","status-publish","format-standard","hentry","category-vesti-amerika","category-vesti","tag-amerika","tag-curka","tag-dan-zahvalnosti","tag-obicaji","tag-praznik","tag-sad","tag-thanksgiving-day"],"_links":{"self":[{"href":"https:\/\/chicagodesavanja.us\/en\/wp-json\/wp\/v2\/posts\/30289","targetHints":{"allow":["GET"]}}],"collection":[{"href":"https:\/\/chicagodesavanja.us\/en\/wp-json\/wp\/v2\/posts"}],"about":[{"href":"https:\/\/chicagodesavanja.us\/en\/wp-json\/wp\/v2\/types\/post"}],"author":[{"embeddable":true,"href":"https:\/\/chicagodesavanja.us\/en\/wp-json\/wp\/v2\/users\/3"}],"replies":[{"embeddable":true,"href":"https:\/\/chicagodesavanja.us\/en\/wp-json\/wp\/v2\/comments?post=30289"}],"version-history":[{"count":0,"href":"https:\/\/chicagodesavanja.us\/en\/wp-json\/wp\/v2\/posts\/30289\/revisions"}],"wp:attachment":[{"href":"https:\/\/chicagodesavanja.us\/en\/wp-json\/wp\/v2\/media?parent=30289"}],"wp:term":[{"taxonomy":"category","embeddable":true,"href":"https:\/\/chicagodesavanja.us\/en\/wp-json\/wp\/v2\/categories?post=30289"},{"taxonomy":"post_tag","embeddable":true,"href":"https:\/\/chicagodesavanja.us\/en\/wp-json\/wp\/v2\/tags?post=30289"}],"curies":[{"name":"WP","href":"https:\/\/api.w.org\/{rel}","templated":true}]}}