{"id":30169,"date":"2023-11-30T13:30:00","date_gmt":"2023-11-30T13:30:00","guid":{"rendered":"https:\/\/chicagodesavanja.us\/demokrate-nemaju-rezervni-plan-za-biden-a-2024-uprkos-njegovim-godinama\/"},"modified":"2023-11-30T13:30:00","modified_gmt":"2023-11-30T13:30:00","slug":"demokrate-nemaju-rezervni-plan-za-biden-a-2024-uprkos-njegovim-godinama","status":"publish","type":"post","link":"https:\/\/chicagodesavanja.us\/en\/vesti\/demokrate-nemaju-rezervni-plan-za-biden-a-2024-uprkos-njegovim-godinama\/","title":{"rendered":"Demokrate nemaju rezervni plan za Biden-a 2024, uprkos njegovim godinama"},"content":{"rendered":"<p class=\"wp-block-paragraph\">Demokratska stranka nema plan B ako bi predsednik SAD Joe Biden iz bilo kojeg razloga odlu\u010dio da zaustavi svoju kampanju za reizbor 2024. godine, a iznenadna potreba da ga zamene drugim kandidatom izazvala bi komplikovanu i ru\u017enu unutarstrana\u010dku bitku.<\/p>\n\n\n\n<p class=\"wp-block-paragraph\">Uprkos slabim anketama i pitanjima o njegovim godinama, koja dolaze i od nekih demokrata, Biden se dr\u017ei svog plana da se kandiduje za drugi mandat, nakon \u0161to je u aprilu objavio da \u0107e se ponovo kandidovati i time otvorio sebi put bez ozbiljnih izaziva\u010da unutar stranke.<\/p>\n\n\n\n<p class=\"wp-block-paragraph\">\u010cak i kada bi sada u izbore usko\u010dilo vi\u0161e demokratskih kandidata, put napred bi bio nejasan jer su rokovi za ulazak na primarne izbore u klju\u010dnim dr\u017eavama kao \u0161to su Nevada, Ju\u017ena Karolina i D\u017eord\u017eija ve\u0107 pro\u0161li.<\/p>\n\n\n\n<p class=\"wp-block-paragraph\">Biden-ovi lojalisti, pozivaju\u0107i se na njegov dosada\u0161nji rad, tvrde da stranci nije potreban rezervni plan da porazi verovatnog republikanskog kandidata Donald Trump-a, kojeg je Biden pobedio na izborima 2020. godine.<\/p>\n\n\n\n<p class=\"wp-block-paragraph\">Me\u0111u mogu\u0107im scenarijima da predsednik (81) ipak odustane, jedna od opcija je da demokrate u avgustu slede\u0107e godine izaberu drugog kandidata na svojoj konvenciji, ili \u010dak i kasnije, u skladu sa strana\u010dkim pravilima.<\/p>\n\n\n\n<p class=\"wp-block-paragraph\" style=\"font-size:10px\">SOURCE: <a href=\"https:\/\/www.glasamerike.net\/a\/demokrate-rezervni-plan-bajden-2024-izbori-godine\/7378640.html\" target=\"_blank\" rel=\"noopener\">Voice of America<\/a> PHOTO: YOUTUBE SCREENSHOT <\/p>","protected":false},"excerpt":{"rendered":"<p>Demokratska stranka nema plan B ako bi predsednik SAD Joe Biden iz bilo kojeg razloga odlu\u010dio da zaustavi svoju kampanju za reizbor 2024. godine, a iznenadna potreba da ga zamene drugim kandidatom izazvala bi komplikovanu i ru\u017enu unutarstrana\u010dku bitku. Uprkos slabim anketama i pitanjima o njegovim godinama, koja dolaze i od nekih demokrata, Biden se [&hellip;]<\/p>\n","protected":false},"author":3,"featured_media":0,"comment_status":"","ping_status":"","sticky":false,"template":"","format":"standard","meta":{"wpai_generated_summary":"","footnotes":""},"categories":[368,369],"tags":[538,17239,7669,405,407,568],"class_list":["post-30169","post","type-post","status-publish","format-standard","hentry","category-vesti-amerika","category-vesti","tag-amerika","tag-biden","tag-demokrate","tag-izbori","tag-predsednicki-izbori-2","tag-sad"],"_links":{"self":[{"href":"https:\/\/chicagodesavanja.us\/en\/wp-json\/wp\/v2\/posts\/30169","targetHints":{"allow":["GET"]}}],"collection":[{"href":"https:\/\/chicagodesavanja.us\/en\/wp-json\/wp\/v2\/posts"}],"about":[{"href":"https:\/\/chicagodesavanja.us\/en\/wp-json\/wp\/v2\/types\/post"}],"author":[{"embeddable":true,"href":"https:\/\/chicagodesavanja.us\/en\/wp-json\/wp\/v2\/users\/3"}],"replies":[{"embeddable":true,"href":"https:\/\/chicagodesavanja.us\/en\/wp-json\/wp\/v2\/comments?post=30169"}],"version-history":[{"count":0,"href":"https:\/\/chicagodesavanja.us\/en\/wp-json\/wp\/v2\/posts\/30169\/revisions"}],"wp:attachment":[{"href":"https:\/\/chicagodesavanja.us\/en\/wp-json\/wp\/v2\/media?parent=30169"}],"wp:term":[{"taxonomy":"category","embeddable":true,"href":"https:\/\/chicagodesavanja.us\/en\/wp-json\/wp\/v2\/categories?post=30169"},{"taxonomy":"post_tag","embeddable":true,"href":"https:\/\/chicagodesavanja.us\/en\/wp-json\/wp\/v2\/tags?post=30169"}],"curies":[{"name":"WP","href":"https:\/\/api.w.org\/{rel}","templated":true}]}}