{"id":30039,"date":"2023-12-09T05:30:00","date_gmt":"2023-12-09T05:30:00","guid":{"rendered":"https:\/\/chicagodesavanja.us\/biden-ov-rejting-se-potpuno-srozao\/"},"modified":"2023-12-09T05:30:00","modified_gmt":"2023-12-09T05:30:00","slug":"biden-ov-rejting-se-potpuno-srozao","status":"publish","type":"post","link":"https:\/\/chicagodesavanja.us\/en\/vesti\/biden-ov-rejting-se-potpuno-srozao\/","title":{"rendered":"Biden-ov rejting se potpuno srozao: Ho\u0107e na crtu Trump-u, a sve vi\u0161e ljudi mu okre\u0107e le\u0111a"},"content":{"rendered":"<p class=\"wp-block-paragraph\">Rejting ameri\u010dkog predsednika Joseph Biden-a dostigao je dno, prema nedavno objavljenoj anketi CNN-a. Samo 37 odsto\u00a0Amerikanaca anketiranih tokom pro\u0161log meseca imalo je povoljan pogled na\u00a0radni u\u010dinak demokrate.<\/p>\n\n\n\n<p class=\"wp-block-paragraph\">Iako podr\u0161ka aktuelnom predsedniku SAD&nbsp;nikada nije pre\u0161la daleko vi\u0161e od polovine stanovni\u0161tva u istra\u017eivanju CNN-a, dostigav\u0161i 53 odsto&nbsp;u aprilu 2021. godine, njegov rejting&nbsp;je u stalnom opadanju od pro\u0161log decembra zbog pritu\u017ebi na njegovo&nbsp;upravljanje&nbsp;ekonomijom.<\/p>\n\n\n\n<p class=\"wp-block-paragraph\">Ovi rezultati odra\u017eavaju sveukupni pesimizam ispitanika u vezi sa finansijskom sudbinom nacije &#8211; samo 29 odsto\u00a0anketiranih opisalo je\u00a0ekonomiju kao \u201edobru\u201c ili \u201eveoma dobru\u201c.<\/p>\n\n\n\n<p class=\"wp-block-paragraph\">Izgleda da \u010dak i demokrate imaju problema da prona\u0111u ne\u0161to dobro kod Biden-a &#8211;\u00a0samo 52 odsto njih\u00a0pozitivno je ocenilo ekonomiju, a 36 odsto nije imalo jasan stav o\u00a0njegovoj\u00a0ekonomskoj politici.<\/p>\n\n\n\n<p class=\"wp-block-paragraph\">\u010cak&nbsp;61 odsto&nbsp;ispitanih&nbsp;predvi\u0111a donekle ili veoma lo\u0161e ekonomske uslove u narednoj godini &#8211; \u0161to je najpesimisti\u010dniji odgovor od kada je CNN po\u010deo da sprovodi&nbsp;ankete sa ovim pitanjem&nbsp;1997.<\/p>\n\n\n\n<p class=\"wp-block-paragraph\">Ekonomija je ostala primarno pitanje koje zaokuplja umove bira\u010da tokom Biden-ovog predsedavanja &#8211;\u00a0u anketi je\u00a042 odsto ispitanih ocenilo finansijska pitanja kao svoju glavnu brigu.<\/p>\n\n\n\n<p class=\"wp-block-paragraph\">Uprkos uru\u0161avanju Bajdenovog\u00a0rejtinga, on je i dalje uveren da samo on mo\u017ee da pobedi republikanskog kandidata Donald Trump-a.<\/p>\n\n\n\n<p class=\"wp-block-paragraph\">&#8211;\u00a0Da se Trump nije kandidovao, nisam siguran da bih se kandidovao\u00a0&#8211;\u00a0rekao je on donatorima u utorak, izjaviv\u0161i da demokrate \u201ene mogu da mu dozvole da pobedi\u201c.<\/p>\n\n\n\n<p class=\"wp-block-paragraph\">Biden bi na kraju svog drugog mandata imao 86 godina ukoliko bi ponovo\u00a0bio\u00a0izabran.<\/p>\n\n\n\n<p class=\"wp-block-paragraph\" style=\"font-size:10px\">SOURCE: <a href=\"https:\/\/24sedam.rs\/svet\/vesti\/264763\/bajdenov-rejting-istorijski-nizak-godinu-dana-pred-izbore\/vest\" target=\"_blank\" rel=\"noopener\">24SEDAM <\/a>PHOTO: SCREENSHOT<\/p>","protected":false},"excerpt":{"rendered":"<p>Rejting ameri\u010dkog predsednika Joseph Biden-a dostigao je dno, prema nedavno objavljenoj anketi CNN-a. Samo 37 odsto\u00a0Amerikanaca anketiranih tokom pro\u0161log meseca imalo je povoljan pogled na\u00a0radni u\u010dinak demokrate. Iako podr\u0161ka aktuelnom predsedniku SAD&nbsp;nikada nije pre\u0161la daleko vi\u0161e od polovine stanovni\u0161tva u istra\u017eivanju CNN-a, dostigav\u0161i 53 odsto&nbsp;u aprilu 2021. godine, njegov rejting&nbsp;je u stalnom opadanju od pro\u0161log [&hellip;]<\/p>\n","protected":false},"author":3,"featured_media":0,"comment_status":"","ping_status":"","sticky":false,"template":"","format":"standard","meta":{"footnotes":""},"categories":[368,369],"tags":[538,45386,404,485,17731,1215],"class_list":["post-30039","post","type-post","status-publish","format-standard","hentry","category-vesti-amerika","category-vesti","tag-amerika","tag-crta","tag-donald-trump","tag-joseph-biden","tag-rejting","tag-vesti"],"_links":{"self":[{"href":"https:\/\/chicagodesavanja.us\/en\/wp-json\/wp\/v2\/posts\/30039","targetHints":{"allow":["GET"]}}],"collection":[{"href":"https:\/\/chicagodesavanja.us\/en\/wp-json\/wp\/v2\/posts"}],"about":[{"href":"https:\/\/chicagodesavanja.us\/en\/wp-json\/wp\/v2\/types\/post"}],"author":[{"embeddable":true,"href":"https:\/\/chicagodesavanja.us\/en\/wp-json\/wp\/v2\/users\/3"}],"replies":[{"embeddable":true,"href":"https:\/\/chicagodesavanja.us\/en\/wp-json\/wp\/v2\/comments?post=30039"}],"version-history":[{"count":0,"href":"https:\/\/chicagodesavanja.us\/en\/wp-json\/wp\/v2\/posts\/30039\/revisions"}],"wp:attachment":[{"href":"https:\/\/chicagodesavanja.us\/en\/wp-json\/wp\/v2\/media?parent=30039"}],"wp:term":[{"taxonomy":"category","embeddable":true,"href":"https:\/\/chicagodesavanja.us\/en\/wp-json\/wp\/v2\/categories?post=30039"},{"taxonomy":"post_tag","embeddable":true,"href":"https:\/\/chicagodesavanja.us\/en\/wp-json\/wp\/v2\/tags?post=30039"}],"curies":[{"name":"WP","href":"https:\/\/api.w.org\/{rel}","templated":true}]}}