{"id":30037,"date":"2023-12-09T05:45:00","date_gmt":"2023-12-09T05:45:00","guid":{"rendered":"https:\/\/chicagodesavanja.us\/tinejdzer-iz-micigena-osudjen-na-zatvor\/"},"modified":"2023-12-09T05:45:00","modified_gmt":"2023-12-09T05:45:00","slug":"tinejdzer-iz-micigena-osudjen-na-zatvor","status":"publish","type":"post","link":"https:\/\/chicagodesavanja.us\/en\/vesti\/tinejdzer-iz-micigena-osudjen-na-zatvor\/","title":{"rendered":"Tinejd\u017eer iz Mi\u010digena osu\u0111en na do\u017eivotnu kaznu zatvora zbog masovnog ubistva u \u0161koli"},"content":{"rendered":"<p class=\"wp-block-paragraph\">Tinejd\u017eer koji je pre dve godine ubio \u010detvoro u\u010denika u svojoj srednjoj \u0161koli, blizu Detroita u Mi\u010digenu, osu\u0111en je na do\u017eivotnu kaznu zatvora bez prava na pomilovanje.<\/p>\n\n\n\n<p class=\"wp-block-paragraph\">Itan Krambli, koji je imao 15 godina kada je 30. novembra 2021. godine otvorio vatru iz poluatomatskog pi\u0161tolja koji mu je otac kupio za Bo\u017ei\u0107, ranio je \u0161est u\u010denika i jednog nastavnika.<\/p>\n\n\n\n<p class=\"wp-block-paragraph\">&#8222;Moja dela su ono \u0161to sam izabrao da uradim. Nisamo mogao da se zaustavim. Ja sam veoma lo\u0161a osoba, radio sam u\u017easne stvari&#8220;, rekao je Krambli, koji sada ima 17 godina, pred izricanje presude. On se izvinio i delovalo je da je saglasan sa porodicama \u017ertava da je za njega najo\u0161trija kazna adekvatna.<\/p>\n\n\n\n<p class=\"wp-block-paragraph\">&#8222;Tra\u017eim da budem ka\u017enjen onako kako su oni tra\u017eili. \u017delim da budu sre\u0107ni, da se ose\u0107aju bezbedno. Ne \u017eelim da brinu ni dan vi\u0161e. Jako mi je \u017eao zbog svega \u0161to sam uradio i da\u0107u sve od sebe da ubudu\u0107e pomognem drugima&#8220;, rekao je Krambli.<\/p>\n\n\n\n<p class=\"wp-block-paragraph\">Pre izricanja kazne, roditelji u\u010denika ubijenih u srednjoj \u0161koli Oksford opisali su u bol zbog gubitka dece. \u017drtve zlo\u010dina u Mi\u010digenu imaju pravo da govore na sudu, a sudija\u00a0Kvame Rou\u00a0je vi\u0161e puta dopustio napetost, emocije i o\u010daj tokom poslednje rasprave u predgra\u0111u Detroita.<\/p>\n\n\n\n<p class=\"wp-block-paragraph\">\u201cNesretni smo. Nedostaje nam Tejt\u201d, rekao je\u00a0Bak Majr, otac\u00a0Tejta Majra. \u201cNa\u0161a porodica ima trajnu prazninu koja se nikada ne\u0107e mo\u0107i ispuniti.\u201d<\/p>\n\n\n\n<p class=\"wp-block-paragraph\">Nikol Beusoleil\u00a0se prisetila da je videla telo svoje \u0107erke,\u00a0Madisin Boldvin, u mrtva\u010dnici, a njena ruka sa plavo ofarbanim noktima virila je ispod pokriva\u010da.<\/p>\n\n\n\n<p class=\"wp-block-paragraph\">\u201cPogledala sam kroz staklo. Moj vrisak ga je mogao razbiti\u201d, kazala je ona.<\/p>\n\n\n\n<p class=\"wp-block-paragraph\">Ubica se izjasnio krivim po sve 24 optu\u017ebe za pucnjavu u srednjoj \u0161koli u Oksfordu 2021. godine, uklju\u010duju\u0107i za ubistvo prvog stepena i terorizam.<\/p>\n\n\n\n<p class=\"wp-block-paragraph\" style=\"font-size:10px\">SOURCE: <a href=\"https:\/\/www.glasamerike.net\/a\/roditelji-ubijeni-ucenici-micigen-govorili-sud\/7390142.html\" target=\"_blank\" rel=\"noopener\">GLASAMERIKE <\/a>PHOTO: SCREENSHOT<\/p>","protected":false},"excerpt":{"rendered":"<p>Tinejd\u017eer koji je pre dve godine ubio \u010detvoro u\u010denika u svojoj srednjoj \u0161koli, blizu Detroita u Mi\u010digenu, osu\u0111en je na do\u017eivotnu kaznu zatvora bez prava na pomilovanje. Itan Krambli, koji je imao 15 godina kada je 30. novembra 2021. godine otvorio vatru iz poluatomatskog pi\u0161tolja koji mu je otac kupio za Bo\u017ei\u0107, ranio je \u0161est [&hellip;]<\/p>\n","protected":false},"author":3,"featured_media":0,"comment_status":"","ping_status":"","sticky":false,"template":"","format":"standard","meta":{"footnotes":""},"categories":[368,369],"tags":[538,10606,45381,36034,1215,543],"class_list":["post-30037","post","type-post","status-publish","format-standard","hentry","category-vesti-amerika","category-vesti","tag-amerika","tag-dozivotna-kazna","tag-micingen","tag-tinejdzer","tag-vesti","tag-zatvor"],"_links":{"self":[{"href":"https:\/\/chicagodesavanja.us\/en\/wp-json\/wp\/v2\/posts\/30037","targetHints":{"allow":["GET"]}}],"collection":[{"href":"https:\/\/chicagodesavanja.us\/en\/wp-json\/wp\/v2\/posts"}],"about":[{"href":"https:\/\/chicagodesavanja.us\/en\/wp-json\/wp\/v2\/types\/post"}],"author":[{"embeddable":true,"href":"https:\/\/chicagodesavanja.us\/en\/wp-json\/wp\/v2\/users\/3"}],"replies":[{"embeddable":true,"href":"https:\/\/chicagodesavanja.us\/en\/wp-json\/wp\/v2\/comments?post=30037"}],"version-history":[{"count":0,"href":"https:\/\/chicagodesavanja.us\/en\/wp-json\/wp\/v2\/posts\/30037\/revisions"}],"wp:attachment":[{"href":"https:\/\/chicagodesavanja.us\/en\/wp-json\/wp\/v2\/media?parent=30037"}],"wp:term":[{"taxonomy":"category","embeddable":true,"href":"https:\/\/chicagodesavanja.us\/en\/wp-json\/wp\/v2\/categories?post=30037"},{"taxonomy":"post_tag","embeddable":true,"href":"https:\/\/chicagodesavanja.us\/en\/wp-json\/wp\/v2\/tags?post=30037"}],"curies":[{"name":"WP","href":"https:\/\/api.w.org\/{rel}","templated":true}]}}