{"id":30034,"date":"2023-12-09T06:30:00","date_gmt":"2023-12-09T06:30:00","guid":{"rendered":"https:\/\/chicagodesavanja.us\/pariz-zasto-su-ucenici-pomogli-u-ubistvu-nastavnika\/"},"modified":"2023-12-09T06:30:00","modified_gmt":"2023-12-09T06:30:00","slug":"pariz-zasto-su-ucenici-pomogli-u-ubistvu-nastavnika","status":"publish","type":"post","link":"https:\/\/chicagodesavanja.us\/en\/vesti\/pariz-zasto-su-ucenici-pomogli-u-ubistvu-nastavnika\/","title":{"rendered":"Pariz \u2013 za\u0161to su u\u010denici pomogli u ubistvu nastavnika?"},"content":{"rendered":"<p class=\"wp-block-paragraph\">Sud u Parizu izri\u010de presudu maloletnicima zbog njihove navodne uloge u ubistvu nastavnika istorije Samuela Patija koje je 2020. \u0161okiralo Francusku i \u010ditav svet.<\/p>\n\n\n\n<p class=\"wp-block-paragraph\">Ono \u0161to se dogodilo 16. oktobra 2020. u severozapadnom pariskom predgra\u0111u Konflan Sent Onoren izazvalo je u\u017eas u Francuskoj, ali i van granica te zemlje: tog petka, 18-godi\u0161nji \u010ce\u010den no\u017eem je ubio 47-godi\u0161njeg nastavnika istorije Samuela Patija i odsekao mu glavu, podse\u0107a\u00a0Doj\u010de vele.<\/p>\n\n\n\n<p class=\"wp-block-paragraph\">Pati je na \u010dasu o slobodi izra\u017eavanja prikazivao karikature proroka Muhameda. Te karikature ranije je objavio satiri\u010dni \u010dasopis \u201e\u0160arli ebdo\u201c, u \u010diju su redakciju u januaru 2015. upala dvojica terorista i ubila ukupno12 ljudi. Ba\u0161 kao i ubica Patija, i tada\u0161nji po\u010dinioci \u017eeleli su da \u201eosvete proroka\u201c.<\/p>\n\n\n\n<p class=\"wp-block-paragraph\">U ovom slu\u010daju su pred sudom njegovih pet navodnih pomaga\u010da, koji su tada bili maloletni, a 18-godi\u0161nji \u010ce\u010den je mrtav. Presuda se o\u010dekuje ovog petka, 8. decembra. Taj simboli\u010dan sudski proces, koji se odvija iza zatvorenih vrata, mogao bi da pru\u017ei odgovore na mnoga pitanja \u2013 iako neki smatraju da francuska javnost ne posve\u0107uje dovoljno pa\u017enje tom su\u0111enju.<\/p>\n\n\n\n<h2 class=\"wp-block-heading\" id=\"h-smrtonosna-polemika\">Smrtonosna polemika<\/h2>\n\n\n\n<p class=\"wp-block-paragraph\">Me\u0111u \u0161estoro mladih ljudi, tada izme\u0111u 13 i 15 godina, bila je i jedna devojka. Ona je pokrenula polemiku koja \u0107e se pretvoriti u smrtonosni \u010din. Rekla je svom ocu da je Pati zamolio muslimanske u\u010denike, uklju\u010duju\u0107i i nju, da napuste prostoriju pre prikazivanja karikatura. Ona se opirala nastavniku i zbog toga je privremeno udaljena sa nastave. Pri\u010da je toliko naljutila njenog oca da je iza\u0161ao u javnost: u video-snimku na internetu zahtevao je da nastavnik bude disciplinski ka\u017enjen i objavio je njegovo ime i ime \u0161kole. \u010cine\u0107i to, pokrenuo je pravu onlajn-kampanju, koja je privukla pa\u017enju atentatora.<\/p>\n\n\n\n<p class=\"wp-block-paragraph\">Pritom je verzija koju je ispri\u010dala u\u010denica bila je neistinita. Ona nije bila na \u010dasu i i htela je u stvari samo opravda to \u0161to je udaljena, a \u0161to je u stvari bila posledica njenog buntovnog pona\u0161anja. Sada je optu\u017eena za izno\u0161enje la\u017enih optu\u017ebi protiv nastavnika i iza re\u0161etaka bi mogla da provede do dve i po godine, ba\u0161 kao i ostala petorica optu\u017eenih: Optu\u017eenica ih tereti da su bili deo grupe koja je planirala da izvr\u0161i te\u0161ko krivi\u010dno delo. De\u010daci su atentatoru ispred \u0161kolske zgrade pokazali ko je Pati i za to su dobili novac.<\/p>\n\n\n\n<h2 class=\"wp-block-heading\" id=\"h-sta-se-desavalo-u-njihovim-glavama\">\u0160ta se de\u0161avalo u njihovim glavama?<\/h2>\n\n\n\n<p class=\"wp-block-paragraph\">Porodica o\u010dekuje da se ovim procesom razjasni kako je do\u0161lo i kako je uop\u0161te bilo mogu\u0107e da do\u0111e do napada, ka\u017ee advokatkinja Vir\u017eini Lroa, koja zastupa Patijeve roditelje, njegovu sestru, zeta i dve ne\u0107ake. \u201eDa li su ti mladi ljudi mislili da Pati zaslu\u017euje da bude ka\u017enjen zbog prikazivanja karikatura ili su samo \u017eeleli novac\u201c, zapitala se ona u intervjuu za DW.<\/p>\n\n\n\n<p class=\"wp-block-paragraph\">Prema navodima istra\u017eitelja, napada\u010d je de\u010dacima rekao da \u017eeli da se nastavnik izvini za svoje postupke i da to bude zabele\u017eeno na video-snimku. \u201eOvo je jo\u0161 va\u017enije, jer su svi optu\u017eeni ro\u0111eni u Francuskoj i trebalo bi da budu posve\u0107eni na\u0161im demokratskim vrednostima, uklju\u010duju\u0107i i slobodu izra\u017eavanja\u201c, dodaje Lroa.<\/p>\n\n\n\n<p class=\"wp-block-paragraph\">Za Dilana Slamu, odgovor na to pitanje je jasan. On zastupa jednog od tih mladih muslimana. \u201eSa 15 godina on je bio sve samo ne radikalizovan. Delovao je iz nezrelosti, gluposti i zbog pritiska vr\u0161njaka. Nije bio svestan u \u010demu u\u010destvuje\u201c, ka\u017ee advokat za DW. \u201eTada nije razmi\u0161ljao o sekularizmu \u2013 a danas u potpunosti zastupa takav stav.\u201c Tu se radi o striktnom razdvajanju vere i dr\u017eave.<\/p>\n\n\n\n<h2 class=\"wp-block-heading\" id=\"h-centralna-pitanja\">\u201eCentralna pitanja\u201c<\/h2>\n\n\n\n<p class=\"wp-block-paragraph\">Proces ima i simboli\u010dki zna\u010daj, ka\u017ee Antoan Kasubolo Fero. On zastupa 13 Patijevih kolega kojima je bilo dozvoljeno da prisustvuju ro\u010di\u0161tima zatvorenim za javnost, jer je prihva\u0107ena njihova kolektivna gra\u0111anska tu\u017eba. \u201eMoji klijenti \u017eele da shvate \u0161ta je po\u0161lo po zlu, kako su izgubili poverenje svojih u\u010denika i \u0161ta su mogli bolje da urade\u201c, ka\u017ee Kasubolo Fero za DW.<\/p>\n\n\n\n<p class=\"wp-block-paragraph\">Sva ta pitanja aktuelna su i danas. Naime, 13. oktobra ove godine 20-godi\u0161nji radikalizovani dr\u017eavljanin Rusije, koji je sa porodicom do\u0161ao u Francusku 2008, na smrt je izbo profesora francuskog Dominika Bernara ispred njegove \u0161kole u severnom Arasu. Za Vensana Tiberja, profesora politi\u010dke sociologije na Univerzitetu u Bordou, taj novi atentat, kao i su\u0111enje za ubistvo nastavnika Patija, trebalo bi da skrenu pa\u017enju na jedno centralno pitanje.<\/p>\n\n\n\n<p class=\"wp-block-paragraph\">\u201eTrebalo bi da se zapitamo kakvo mesto bi \u0161kole trebalo da imaju u na\u0161em dru\u0161tvu i \u0161ta je potrebno nastavnicima da bi ispunili svoju misiju, koja je klju\u010dna za na\u0161u demokratiju\u201c, ka\u017ee on za DW. \u201eUmesto toga, mi govorimo o ograni\u010davanju imigracije, a tu je i novi zakon na kojem vlada radi, a koji sve imigrante vidi kao opasnost\u201c, ka\u017ee on.<\/p>\n\n\n\n<p class=\"wp-block-paragraph\" style=\"font-size:10px\">SOURCE: <a href=\"https:\/\/n1info.rs\/svet\/dw-pariz-zasto-su-ucenici-pomogli-u-ubistvu-nastavnika\/\" target=\"_blank\" rel=\"noopener\">N1<\/a> PHOTO: SCREENSHOT<\/p>","protected":false},"excerpt":{"rendered":"<p>Sud u Parizu izri\u010de presudu maloletnicima zbog njihove navodne uloge u ubistvu nastavnika istorije Samuela Patija koje je 2020. \u0161okiralo Francusku i \u010ditav svet. Ono \u0161to se dogodilo 16. oktobra 2020. u severozapadnom pariskom predgra\u0111u Konflan Sent Onoren izazvalo je u\u017eas u Francuskoj, ali i van granica te zemlje: tog petka, 18-godi\u0161nji \u010ce\u010den no\u017eem je [&hellip;]<\/p>\n","protected":false},"author":3,"featured_media":0,"comment_status":"","ping_status":"","sticky":false,"template":"","format":"standard","meta":{"wpai_generated_summary":"","footnotes":""},"categories":[431,369],"tags":[433,38978,11054,6707,2372,36398,18796,1215],"class_list":["post-30034","post","type-post","status-publish","format-standard","hentry","category-svet","category-vesti","tag-evropa","tag-nastavnik","tag-pariz","tag-presuda","tag-svet","tag-ubistvo","tag-ucenici","tag-vesti"],"_links":{"self":[{"href":"https:\/\/chicagodesavanja.us\/en\/wp-json\/wp\/v2\/posts\/30034","targetHints":{"allow":["GET"]}}],"collection":[{"href":"https:\/\/chicagodesavanja.us\/en\/wp-json\/wp\/v2\/posts"}],"about":[{"href":"https:\/\/chicagodesavanja.us\/en\/wp-json\/wp\/v2\/types\/post"}],"author":[{"embeddable":true,"href":"https:\/\/chicagodesavanja.us\/en\/wp-json\/wp\/v2\/users\/3"}],"replies":[{"embeddable":true,"href":"https:\/\/chicagodesavanja.us\/en\/wp-json\/wp\/v2\/comments?post=30034"}],"version-history":[{"count":0,"href":"https:\/\/chicagodesavanja.us\/en\/wp-json\/wp\/v2\/posts\/30034\/revisions"}],"wp:attachment":[{"href":"https:\/\/chicagodesavanja.us\/en\/wp-json\/wp\/v2\/media?parent=30034"}],"wp:term":[{"taxonomy":"category","embeddable":true,"href":"https:\/\/chicagodesavanja.us\/en\/wp-json\/wp\/v2\/categories?post=30034"},{"taxonomy":"post_tag","embeddable":true,"href":"https:\/\/chicagodesavanja.us\/en\/wp-json\/wp\/v2\/tags?post=30034"}],"curies":[{"name":"WP","href":"https:\/\/api.w.org\/{rel}","templated":true}]}}