{"id":29958,"date":"2023-12-14T05:36:42","date_gmt":"2023-12-14T05:36:42","guid":{"rendered":"https:\/\/chicagodesavanja.us\/nesreca-na-treningu-marinaca-u-sad-jedan-poginuo-povredjeno-14\/"},"modified":"2023-12-14T05:36:42","modified_gmt":"2023-12-14T05:36:42","slug":"nesreca-na-treningu-marinaca-u-sad-jedan-poginuo-povredjeno-14","status":"publish","type":"post","link":"https:\/\/chicagodesavanja.us\/en\/vesti\/nesreca-na-treningu-marinaca-u-sad-jedan-poginuo-povredjeno-14\/","title":{"rendered":"Nesre\u0107a na treningu marinaca u SAD: Jedan poginuo, povre\u0111eno 14!"},"content":{"rendered":"<p class=\"wp-block-paragraph\">Marinac SAD iz kampa Pendelton u Kaliforniji poginuo je tokom ve\u017ebe, saop\u0161tili su ameri\u010dki vojni zvani\u010dnici, dok je 14 povre\u0111eno, preneo je Fox News.<\/p>\n\n\n\n<p class=\"wp-block-paragraph\">Do incidenta je do\u0161lo kada se tokom treninga prevrnulo borbeno amfibijsko vozilo, objavio je ameri\u010dki Korpus marinaca.<\/p>\n\n\n\n<p class=\"wp-block-paragraph\">Osim nastradalog marinca, u vozilu je bilo jo\u0161 14 vojnika kada se prevrnulo, dodala je vojska.<\/p>\n\n\n\n<p class=\"wp-block-paragraph\">Svi su preba\u010deni u lokalne bolnice, kao i u Vojnu bolnicu u kampu Pendelton radi procene stanja.<\/p>\n\n\n\n<p class=\"wp-block-paragraph\">Nastradali marinac identifikovan je kao pripadnik 15. Pomorske ekspedicione jedinice.<\/p>\n\n\n\n<p class=\"wp-block-paragraph\" style=\"font-size:10px\">SOURCE: <a href=\"https:\/\/24sedam.rs\/svet\/vesti\/266043\/poginuo-americki-marinac-na-treningu-14-povredeno\/vest\" target=\"_blank\" rel=\"noopener\">24SEDAM<\/a> PHOTO: YOUTUBE SCREENSHOT <\/p>","protected":false},"excerpt":{"rendered":"<p>Marinac SAD iz kampa Pendelton u Kaliforniji poginuo je tokom ve\u017ebe, saop\u0161tili su ameri\u010dki vojni zvani\u010dnici, dok je 14 povre\u0111eno, preneo je Fox News. Do incidenta je do\u0161lo kada se tokom treninga prevrnulo borbeno amfibijsko vozilo, objavio je ameri\u010dki Korpus marinaca. Osim nastradalog marinca, u vozilu je bilo jo\u0161 14 vojnika kada se prevrnulo, dodala [&hellip;]<\/p>\n","protected":false},"author":3,"featured_media":0,"comment_status":"","ping_status":"","sticky":false,"template":"","format":"standard","meta":{"wpai_generated_summary":"","footnotes":""},"categories":[368,369],"tags":[538,44458,45305,34875,568,3761],"class_list":["post-29958","post","type-post","status-publish","format-standard","hentry","category-vesti-amerika","category-vesti","tag-amerika","tag-marinci","tag-muskarac-poginuo","tag-nesreca","tag-sad","tag-vojska"],"_links":{"self":[{"href":"https:\/\/chicagodesavanja.us\/en\/wp-json\/wp\/v2\/posts\/29958","targetHints":{"allow":["GET"]}}],"collection":[{"href":"https:\/\/chicagodesavanja.us\/en\/wp-json\/wp\/v2\/posts"}],"about":[{"href":"https:\/\/chicagodesavanja.us\/en\/wp-json\/wp\/v2\/types\/post"}],"author":[{"embeddable":true,"href":"https:\/\/chicagodesavanja.us\/en\/wp-json\/wp\/v2\/users\/3"}],"replies":[{"embeddable":true,"href":"https:\/\/chicagodesavanja.us\/en\/wp-json\/wp\/v2\/comments?post=29958"}],"version-history":[{"count":0,"href":"https:\/\/chicagodesavanja.us\/en\/wp-json\/wp\/v2\/posts\/29958\/revisions"}],"wp:attachment":[{"href":"https:\/\/chicagodesavanja.us\/en\/wp-json\/wp\/v2\/media?parent=29958"}],"wp:term":[{"taxonomy":"category","embeddable":true,"href":"https:\/\/chicagodesavanja.us\/en\/wp-json\/wp\/v2\/categories?post=29958"},{"taxonomy":"post_tag","embeddable":true,"href":"https:\/\/chicagodesavanja.us\/en\/wp-json\/wp\/v2\/tags?post=29958"}],"curies":[{"name":"WP","href":"https:\/\/api.w.org\/{rel}","templated":true}]}}