{"id":29757,"date":"2023-12-27T12:00:00","date_gmt":"2023-12-27T12:00:00","guid":{"rendered":"https:\/\/chicagodesavanja.us\/trump-moramo-da-sprecimo-da-izbori-2024-budu-pokradeni-kao-oni-2020-godine\/"},"modified":"2023-12-27T12:00:00","modified_gmt":"2023-12-27T12:00:00","slug":"trump-moramo-da-sprecimo-da-izbori-2024-budu-pokradeni-kao-oni-2020-godine","status":"publish","type":"post","link":"https:\/\/chicagodesavanja.us\/en\/vesti\/trump-moramo-da-sprecimo-da-izbori-2024-budu-pokradeni-kao-oni-2020-godine\/","title":{"rendered":"Trump: Moramo da spre\u010dimo da izbori 2024. budu pokradeni kao oni 2020. godine\u00a0"},"content":{"rendered":"<p class=\"wp-block-paragraph\">Biv\u0161i ameri\u010dki predsednik Donald Trump pozdravio je odluku Vrhovnog suda Mi\u010digena koji je odbacio poku\u0161aj njegove diskvalifikacije sa predsedni\u010dkih izbora u toj saveznoj dr\u017eavi, dodav\u0161i da se mora spre\u010diti da izbori 2024. godine budu &#8222;name\u0161teni i pokradeni&#8220;.<\/p>\n\n\n\n<p class=\"wp-block-paragraph\">&#8222;Vrhovni sud Mi\u010digena je sna\u017eno i s pravom odbio poku\u0161aj o\u010dajnih demokrata da skinu vode\u0107eg kandidata na predsedni\u010dkim izborima 2024. sa glasa\u010dkog listi\u0107a u saveznoj dr\u017eavi Mi\u010digen&#8220;, napisao je Trump na svojoj dru\u0161tvenoj mre\u017ei TruthSocial.<\/p>\n\n\n\n<p class=\"wp-block-paragraph\">Dodao je da je &#8222;ovaj pateti\u010dni poku\u0161aj name\u0161tanja izbora propao \u0161irom zemlje, uklju\u010duju\u0107i dr\u017eave koje istorijski naginju demokratama&#8220;.<\/p>\n\n\n\n<p class=\"wp-block-paragraph\">Prema njegovim re\u010dima, odluku Vrhovnog suda Kolorada, koji je presudio da Trump bude uklonjen sa glasa\u010dkog listi\u0107a u toj saveznoj dr\u017eavi, &#8222;ismevaju \u0161irom sveta&#8220;.<\/p>\n\n\n\n<p class=\"wp-block-paragraph\">&#8222;Moramo da spre\u010dimo da izbori 2024. godine budu name\u0161teni i pokradeni kao izbori 2020. godine. Pogledajte samo potpuni nered koji imamo kao rezultat vlasti pokvarenog Joe Biden-a koji nasilno uni\u0161tava sve \u0161to vidi &#8211; od na\u0161e nekada velike ekonomije do na\u0161eg nekada po\u0161tenog pravosudnog sistema&#8220;, naveo je Trump.<\/p>\n\n\n\n<p class=\"wp-block-paragraph\">On je naglasio da Amerikanci moraju da sa\u010duvaju svoju zemlju od &#8222;propadanja i radikalne levice&#8220;.<\/p>\n\n\n\n<p class=\"wp-block-paragraph\" style=\"font-size:10px\">SOURCE: <a href=\"https:\/\/www.euronews.rs\/svet\/fokus\/109497\/tramp-moramo-da-sprecimo-da-izbori-2024-budu-pokradeni-kao-oni-2020-godine\/vest\" target=\"_blank\" rel=\"noopener\">EURONEWS<\/a> PHOTO: YOUTUBE SCREENSHOT <\/p>","protected":false},"excerpt":{"rendered":"<p>Biv\u0161i ameri\u010dki predsednik Donald Trump pozdravio je odluku Vrhovnog suda Mi\u010digena koji je odbacio poku\u0161aj njegove diskvalifikacije sa predsedni\u010dkih izbora u toj saveznoj dr\u017eavi, dodav\u0161i da se mora spre\u010diti da izbori 2024. godine budu &#8222;name\u0161teni i pokradeni&#8220;. &#8222;Vrhovni sud Mi\u010digena je sna\u017eno i s pravom odbio poku\u0161aj o\u010dajnih demokrata da skinu vode\u0107eg kandidata na predsedni\u010dkim [&hellip;]<\/p>\n","protected":false},"author":3,"featured_media":0,"comment_status":"","ping_status":"","sticky":false,"template":"","format":"standard","meta":{"wpai_generated_summary":"","footnotes":""},"categories":[368,369],"tags":[538,405,3290,568,2761,6604],"class_list":["post-29757","post","type-post","status-publish","format-standard","hentry","category-vesti-amerika","category-vesti","tag-amerika","tag-izbori","tag-odluka","tag-sad","tag-trump","tag-vrhovni-sud"],"_links":{"self":[{"href":"https:\/\/chicagodesavanja.us\/en\/wp-json\/wp\/v2\/posts\/29757","targetHints":{"allow":["GET"]}}],"collection":[{"href":"https:\/\/chicagodesavanja.us\/en\/wp-json\/wp\/v2\/posts"}],"about":[{"href":"https:\/\/chicagodesavanja.us\/en\/wp-json\/wp\/v2\/types\/post"}],"author":[{"embeddable":true,"href":"https:\/\/chicagodesavanja.us\/en\/wp-json\/wp\/v2\/users\/3"}],"replies":[{"embeddable":true,"href":"https:\/\/chicagodesavanja.us\/en\/wp-json\/wp\/v2\/comments?post=29757"}],"version-history":[{"count":0,"href":"https:\/\/chicagodesavanja.us\/en\/wp-json\/wp\/v2\/posts\/29757\/revisions"}],"wp:attachment":[{"href":"https:\/\/chicagodesavanja.us\/en\/wp-json\/wp\/v2\/media?parent=29757"}],"wp:term":[{"taxonomy":"category","embeddable":true,"href":"https:\/\/chicagodesavanja.us\/en\/wp-json\/wp\/v2\/categories?post=29757"},{"taxonomy":"post_tag","embeddable":true,"href":"https:\/\/chicagodesavanja.us\/en\/wp-json\/wp\/v2\/tags?post=29757"}],"curies":[{"name":"WP","href":"https:\/\/api.w.org\/{rel}","templated":true}]}}