{"id":29674,"date":"2024-01-02T09:25:00","date_gmt":"2024-01-02T09:25:00","guid":{"rendered":"https:\/\/chicagodesavanja.us\/crnogorac-podelio-zapazanje-o-gastarbajterima-koje-mu-smeta\/"},"modified":"2024-01-02T09:25:00","modified_gmt":"2024-01-02T09:25:00","slug":"crnogorac-podelio-zapazanje-o-gastarbajterima-koje-mu-smeta","status":"publish","type":"post","link":"https:\/\/chicagodesavanja.us\/en\/vesti\/crnogorac-podelio-zapazanje-o-gastarbajterima-koje-mu-smeta\/","title":{"rendered":"Crnogorac o gastarbajterima: Je l&#8217; mo\u017ee neko da mi objasni za\u0161to ovo rade kad do\u0111u za praznike?(VIDEO)"},"content":{"rendered":"<p class=\"wp-block-paragraph\">Veliki broj ljudi sa Balkana \u017eivi u inostranstvu, u\u00a0Nema\u010dko<a href=\"https:\/\/www.kurir.rs\/tag\/466119\/nemacka\" target=\"_blank\" rel=\"noopener\">j<\/a>, Austriji, Americi, \u0160vedskoj&#8230; Domovinu posete za vreme praznika, par puta godi\u0161nje.<\/p>\n\n\n\n<p class=\"wp-block-paragraph\">Novac ula\u017eu u velelepne ku\u0107e, koje su prazne dok oni &#8222;preko&#8220; rade. Kada do\u0111u u domovinu, obi\u0111u rodbinu i nakon par dana se vrate &#8222;drugom \u017eivotu&#8220; i drugim navikama. Nekima od njih se desi i da,\u00a0nakon nekog vremena, malo zaborave maternji jezik.<\/p>\n\n\n\n<p class=\"wp-block-paragraph\">To je primetio jedan korisnik dru\u0161tvene mre\u017ee TikTok, koji se potpisuje kao &#8222;terazijskicrnogorac&#8220;, a sa pratiocima je podelio zapa\u017eanje o\u00a0gastarbajterima<a href=\"https:\/\/www.kurir.rs\/tag\/5024\/gastarbajteri\" target=\"_blank\" rel=\"noopener\">\u00a0<\/a>koje mu smeta.<\/p>\n\n\n\n<p class=\"wp-block-paragraph\">&#8222;Mo\u017ee li neko da mi bojasni za\u0161to gastarbajteri iz Nema\u010dke ili, ne znam ni ja, drugih nekih zemalja, Slovenije, Amerike, Kanade. Naro\u010dito iz nema\u010dkih govornih podru\u010dja,<strong>\u00a0<\/strong>kad do\u0111u ku\u0107i za praznike, jer samo tad dolaze, i dalje pri\u010daju nema\u010dki, brate, za\u0161to se ose\u0107amo kao &#8222;povratak otpisanih&#8220;? To malo \u0161to ste doma, pri\u010dajte svoj jezik&#8220;, rekao je on.<\/p>\n\n\n\n<figure class=\"wp-block-embed is-type-video is-provider-tiktok wp-block-embed-tiktok\"><div class=\"wp-block-embed__wrapper\">\nhttps:\/\/www.tiktok.com\/@terazijskicrnogorac\/video\/7302152895703584006?referer_url=www.kurir.rs%2Fvesti%2Fdrustvo%2F4327880%2Fcrnogorac-opleo-po-gastarbajterima&#038;refer=embed&#038;embed_source=121374463%2C121351166%2C121331973%2C120811592%2C120810756%3Bnull%3Bembed_share&#038;referer_video_id=7302152895703584006\n<\/div><\/figure>\n\n\n\n<p class=\"wp-block-paragraph\"><\/p>\n\n\n\n<p class=\"wp-block-paragraph\">Neki su mu u komentarima\u00a0naveli da je to navika, neki su pisali upravo na nema\u010dkom, dok je bilo i onih koji i dalje neguju maternji jezik.<\/p>\n\n\n\n<p class=\"wp-block-paragraph\">&#8222;8 godina u Sloveniji ne znam da beknem slovena\u010dki&#8220;, &#8222;Prave se da znaju ali ustvari ne znaju&#8220;, &#8222;Kompleksi&#8220;, neki su od komentara.<\/p>\n\n\n\n<p class=\"wp-block-paragraph\">Bilo je dosta i onih \u0161aljivih, a jedna korisnica ove mre\u017ee je navela kako joj je sve to &#8222;odvratno&#8220;.<\/p>\n\n\n\n<p class=\"wp-block-paragraph\">&#8222;A \u0161to vama smeta toliko dijaspora i \u0161ta vas briga kada ko dolazi ili odlazi ? \u017divi ti bajo svoj \u017eivot&#8220;, napisao je jedan mu\u0161karac u komentaru, dok mu je autor video snimka odgovorio da mu ne smeta dijaspora, nego pona\u0161anje gastarbajtera.<\/p>\n\n\n\n<p class=\"wp-block-paragraph\" style=\"font-size:10px\">SOURCE: <a href=\"https:\/\/www.kurir.rs\/vesti\/drustvo\/4327880\/crnogorac-opleo-po-gastarbajterima\" target=\"_blank\" rel=\"noopener\">Courier<\/a> PHOTO: PIXABAY<\/p>","protected":false},"excerpt":{"rendered":"<p>Veliki broj ljudi sa Balkana \u017eivi u inostranstvu, u\u00a0Nema\u010dkoj, Austriji, Americi, \u0160vedskoj&#8230; Domovinu posete za vreme praznika, par puta godi\u0161nje. Novac ula\u017eu u velelepne ku\u0107e, koje su prazne dok oni &#8222;preko&#8220; rade. Kada do\u0111u u domovinu, obi\u0111u rodbinu i nakon par dana se vrate &#8222;drugom \u017eivotu&#8220; i drugim navikama. Nekima od njih se desi i [&hellip;]<\/p>\n","protected":false},"author":3,"featured_media":0,"comment_status":"","ping_status":"","sticky":false,"template":"","format":"standard","meta":{"wpai_generated_summary":"","footnotes":""},"categories":[431,369],"tags":[20162,4288,45018,45019,45020,14884],"class_list":["post-29674","post","type-post","status-publish","format-standard","hentry","category-svet","category-vesti","tag-crnogorac","tag-dijaspora","tag-gastarbajteri","tag-ljudi-sa-balkana","tag-maternji-jezik","tag-praznici"],"_links":{"self":[{"href":"https:\/\/chicagodesavanja.us\/en\/wp-json\/wp\/v2\/posts\/29674","targetHints":{"allow":["GET"]}}],"collection":[{"href":"https:\/\/chicagodesavanja.us\/en\/wp-json\/wp\/v2\/posts"}],"about":[{"href":"https:\/\/chicagodesavanja.us\/en\/wp-json\/wp\/v2\/types\/post"}],"author":[{"embeddable":true,"href":"https:\/\/chicagodesavanja.us\/en\/wp-json\/wp\/v2\/users\/3"}],"replies":[{"embeddable":true,"href":"https:\/\/chicagodesavanja.us\/en\/wp-json\/wp\/v2\/comments?post=29674"}],"version-history":[{"count":0,"href":"https:\/\/chicagodesavanja.us\/en\/wp-json\/wp\/v2\/posts\/29674\/revisions"}],"wp:attachment":[{"href":"https:\/\/chicagodesavanja.us\/en\/wp-json\/wp\/v2\/media?parent=29674"}],"wp:term":[{"taxonomy":"category","embeddable":true,"href":"https:\/\/chicagodesavanja.us\/en\/wp-json\/wp\/v2\/categories?post=29674"},{"taxonomy":"post_tag","embeddable":true,"href":"https:\/\/chicagodesavanja.us\/en\/wp-json\/wp\/v2\/tags?post=29674"}],"curies":[{"name":"WP","href":"https:\/\/api.w.org\/{rel}","templated":true}]}}