{"id":29564,"date":"2024-01-10T05:20:00","date_gmt":"2024-01-10T05:20:00","guid":{"rendered":"https:\/\/chicagodesavanja.us\/crnogorka-tuzila-drzavu-sudu-u-strazburu-zbog-zagadjenog-vazduha\/"},"modified":"2024-01-10T05:20:00","modified_gmt":"2024-01-10T05:20:00","slug":"crnogorka-tuzila-drzavu-sudu-u-strazburu-zbog-zagadjenog-vazduha","status":"publish","type":"post","link":"https:\/\/chicagodesavanja.us\/en\/vesti\/crnogorka-tuzila-drzavu-sudu-u-strazburu-zbog-zagadjenog-vazduha\/","title":{"rendered":"Crnogorka tu\u017eila dr\u017eavu sudu u Strazburu zbog zaga\u0111enog vazduha"},"content":{"rendered":"<p class=\"wp-block-paragraph\">Elzana Hrkovi\u0107 iz Pljevalja tu\u017eila je svoju dr\u017eavu, Crnu Goru, sudu u Strazburu zbog povrede ustavnog prava na zdravu \u017eivotnu sredinu.<\/p>\n\n\n\n<p class=\"wp-block-paragraph\">Naime, zbog toga \u0161to u Pljevljima prema podacima sa dr\u017eavnih mernih stanica 124 dana u godini nivo PM \u010destica bude iznad dozvoljenog, Elzana Hrkovi\u0107 je odlu\u010dila da tu\u017ei Crnu Goru, pi\u0161u\u00a0<a href=\"https:\/\/www.vijesti.me\/tv\/emisije\/689185\/gradjanka-pljevalja-tuzila-drzavu-zbog-povrede-ustavnog-prava-na-zdravu-zivotnu-sredinu\" target=\"_blank\" rel=\"noreferrer noopener\">Vijesti.me<\/a>.<\/p>\n\n\n\n<p class=\"wp-block-paragraph\">Deset godina, koliko se vr\u0161e zvani\u010dna merenja, Pljevljaci ve\u0107i deo godine udi\u0161u zaga\u0111en vazduh.<\/p>\n\n\n\n<p class=\"wp-block-paragraph\">Njen advokat ka\u017ee da je sud u Strazburu za mnogo manja zaga\u0111enja utvr\u0111ivao povredu ovog prava i da je cilj tu\u017ebe da sud natera dr\u017eavu da ne\u0161to u\u010dini. <\/p>\n\n\n\n<p class=\"wp-block-paragraph\">&#8222;U periodu du\u017eem od 10 godina PM \u010destice prekora\u010duju i doma\u0107e i me\u0111unarodne standarde. Apsolutno svake godine vazduh je u Pljevljima zaga\u0111en do alarmantnog nivoa&#8220;, ka\u017ee advokat Danilo Vujanovi\u0107.<\/p>\n\n\n\n<p class=\"wp-block-paragraph\">On dodaje da ima &#8222;prili\u010dnu dozu uverenosti da je zaga\u0111enje u Pljevljima jedan od najve\u0107ih primera zaga\u0111enja iz prakse evropskog suda za ljudska prava&#8220;.<\/p>\n\n\n\n<p class=\"wp-block-paragraph\">&#8222;Stopama Elzane Hrkovi\u0107 spremni su da krenu mnogi gra\u0111ani Pljevalja i njima nije cilj da se obogate, ve\u0107 da nateraju dr\u017eavu da reaguje&#8220;, obja\u0161njava advokat. <\/p>\n\n\n\n<p class=\"wp-block-paragraph\">On isti\u010de i da \u0107e se prvi put Crna Gora braniti od sopstvenih podataka, onih iz mernih stanica. Tu\u017ebom se tra\u017ei da Crna Gora, ukoliko izgubi pred sudom, plati 1.500 evra Elzani Hrkovi\u0107 ali se i obave\u017ee da \u0107e svakog meseca pla\u0107ati jo\u0161 po 500 evra, sve dok ne re\u0161i problem zaga\u0111enja.<\/p>\n\n\n\n<p class=\"wp-block-paragraph\" style=\"font-size:10px\">IZVOR: VIJESTI.ME, <a href=\"https:\/\/www.021.rs\/story\/Info\/Region-i-svet\/363785\/Mestanka-Pljevalja-tuzila-drzavu-sudu-u-Strazburu-zbog-zagadjenog-vazduha.html\" target=\"_blank\" rel=\"noreferrer noopener\">021.RS<\/a>, PHOTO: PIXABAY <\/p>","protected":false},"excerpt":{"rendered":"<p>Elzana Hrkovi\u0107 iz Pljevalja tu\u017eila je svoju dr\u017eavu, Crnu Goru, sudu u Strazburu zbog povrede ustavnog prava na zdravu \u017eivotnu sredinu. Naime, zbog toga \u0161to u Pljevljima prema podacima sa dr\u017eavnih mernih stanica 124 dana u godini nivo PM \u010destica bude iznad dozvoljenog, Elzana Hrkovi\u0107 je odlu\u010dila da tu\u017ei Crnu Goru, pi\u0161u\u00a0Vijesti.me. Deset godina, koliko [&hellip;]<\/p>\n","protected":false},"author":1,"featured_media":0,"comment_status":"","ping_status":"","sticky":false,"template":"","format":"standard","meta":{"wpai_generated_summary":"","footnotes":""},"categories":[431,369],"tags":[529,44918,981,29120,29469],"class_list":["post-29564","post","type-post","status-publish","format-standard","hentry","category-svet","category-vesti","tag-crna-gora","tag-sud-u-strazburu","tag-tuzba","tag-zagadjen-vazduh-2","tag-zagadenje"],"_links":{"self":[{"href":"https:\/\/chicagodesavanja.us\/en\/wp-json\/wp\/v2\/posts\/29564","targetHints":{"allow":["GET"]}}],"collection":[{"href":"https:\/\/chicagodesavanja.us\/en\/wp-json\/wp\/v2\/posts"}],"about":[{"href":"https:\/\/chicagodesavanja.us\/en\/wp-json\/wp\/v2\/types\/post"}],"author":[{"embeddable":true,"href":"https:\/\/chicagodesavanja.us\/en\/wp-json\/wp\/v2\/users\/1"}],"replies":[{"embeddable":true,"href":"https:\/\/chicagodesavanja.us\/en\/wp-json\/wp\/v2\/comments?post=29564"}],"version-history":[{"count":0,"href":"https:\/\/chicagodesavanja.us\/en\/wp-json\/wp\/v2\/posts\/29564\/revisions"}],"wp:attachment":[{"href":"https:\/\/chicagodesavanja.us\/en\/wp-json\/wp\/v2\/media?parent=29564"}],"wp:term":[{"taxonomy":"category","embeddable":true,"href":"https:\/\/chicagodesavanja.us\/en\/wp-json\/wp\/v2\/categories?post=29564"},{"taxonomy":"post_tag","embeddable":true,"href":"https:\/\/chicagodesavanja.us\/en\/wp-json\/wp\/v2\/tags?post=29564"}],"curies":[{"name":"WP","href":"https:\/\/api.w.org\/{rel}","templated":true}]}}