{"id":29547,"date":"2024-01-11T05:24:00","date_gmt":"2024-01-11T05:24:00","guid":{"rendered":"https:\/\/chicagodesavanja.us\/pomocnik-italijanskog-ministra-kulture-optuzen-za-posedovanje-ukradene-slike\/"},"modified":"2024-01-11T05:24:00","modified_gmt":"2024-01-11T05:24:00","slug":"pomocnik-italijanskog-ministra-kulture-optuzen-za-posedovanje-ukradene-slike","status":"publish","type":"post","link":"https:\/\/chicagodesavanja.us\/en\/vesti\/pomocnik-italijanskog-ministra-kulture-optuzen-za-posedovanje-ukradene-slike\/","title":{"rendered":"Pomo\u0107nik italijanskog ministra kulture optu\u017een za posedovanje ukradene slike"},"content":{"rendered":"<p class=\"wp-block-paragraph\">Vlada italijanske premijerke \u0110or\u0111e Meloni suo\u010dava se sa jo\u0161 jednim skandalom, nakon \u0161to su tu\u017eioci pokrenuli istragu protiv pomo\u0107nika ministra kulture Vitorija Sgarbija zbog ukradene slike.<\/p>\n\n\n\n<p class=\"wp-block-paragraph\">Istraga je usledila nakon \u0161to je u decembru Report, istra\u017eiva\u010dka serija na javnom servisu RAI, optu\u017eila Sgarbija da poseduje ukradenu sliku iz 17. veka i da je menjao kako bi sakrio kra\u0111u, prenosi Politiko.<\/p>\n\n\n\n<p class=\"wp-block-paragraph\">Tu\u017eioci vode istragu protiv Sgarbija, poznatog umetni\u010dkog kriti\u010dara, zbog navodnog \u201epranja\u201c ukradenih umetni\u010dkih dela, \u0161to je on negirao, rekav\u0161i da su optu\u017ebe \u201esme\u0161ne\u201c.<\/p>\n\n\n\n<p class=\"wp-block-paragraph\">Slika \u201eZarobljavanje Svetog Petra\u201c, \u010diji je autor Rutilio di Lorenco Maneti, prema italijanskim medijima vredi vi\u0161e od 200.000 evra, a prijavljeno je da je ukradena iz zamka u Pijemontu 2013. godine. Sgarbi je 2021. predstavio skoro identi\u010dnu sliku na jednoj izlo\u017ebi.<\/p>\n\n\n\n<p class=\"wp-block-paragraph\">U emisiji Reportu se tvrdi da je slika koju je izlo\u017eio Sgarbi ukradena. Jedina razlika od originala je sve\u0107a koja se pojavljuje u gornjem levom uglu Sgarbijeve verzije, a u izve\u0161taju se tvrdi da je sve\u0107a dodata da bi se prikrila kra\u0111a.<\/p>\n\n\n\n<p class=\"wp-block-paragraph\">Sgarbi insistira da je nevin i tvrdi da je iz zamka ukradena kopija, a da on poseduje original. Tvrdi da je sliku prona\u0161ao u vili koju je kupila njegova majka 2000. godine.<\/p>\n\n\n\n<p class=\"wp-block-paragraph\">Slika je o\u0161te\u0107ena prilikom kra\u0111e, a nekoliko meseci kasnije, navodi se u emisiji, odneta je restauratoru na popravak. Restaurator je za Report rekao da je umetnina koju je dobio bila ukradena slika i da je od njega zatra\u017eeno da doda sve\u0107u kako bi se te\u017ee identifikovala.<\/p>\n\n\n\n<p class=\"wp-block-paragraph\">Optu\u017ebe su izazvale uzbunu me\u0111u italijanskom opozicijom, uklju\u010duju\u0107i pozive da Sgarbija podnese ostavku i da Meloni interveni\u0161e.<\/p>\n\n\n\n<p class=\"wp-block-paragraph\">\u201eDosta oklevanja, Meloni i ministar kulture \u0110enaro San\u0111ulijano treba da prestanu da \u0161tite Sgarbija\u201c, rekla je \u010dlanica italijanske Demokratske partije Irena Manci.<\/p>\n\n\n\n<p class=\"wp-block-paragraph\"><\/p>\n\n\n\n<p class=\"wp-block-paragraph\" style=\"font-size:10px\">SOURCE: <a href=\"https:\/\/n1info.rs\/svet\/pomocnik-ministra-kulture-optuzen-za-posedovanje-ukradene-slike-menjao-je-kako-bi-sakrio-kradju\/\" target=\"_blank\" rel=\"noopener\">N1<\/a> PHOTO: SCREENSHOT<\/p>","protected":false},"excerpt":{"rendered":"<p>Vlada italijanske premijerke \u0110or\u0111e Meloni suo\u010dava se sa jo\u0161 jednim skandalom, nakon \u0161to su tu\u017eioci pokrenuli istragu protiv pomo\u0107nika ministra kulture Vitorija Sgarbija zbog ukradene slike. Istraga je usledila nakon \u0161to je u decembru Report, istra\u017eiva\u010dka serija na javnom servisu RAI, optu\u017eila Sgarbija da poseduje ukradenu sliku iz 17. veka i da je menjao kako [&hellip;]<\/p>\n","protected":false},"author":4,"featured_media":0,"comment_status":"","ping_status":"","sticky":false,"template":"","format":"standard","meta":{"footnotes":""},"categories":[431,369],"tags":[532,15524,44838,5301,14519,44898],"class_list":["post-29547","post","type-post","status-publish","format-standard","hentry","category-svet","category-vesti","tag-italija","tag-kradja","tag-ministar","tag-skandal","tag-slika","tag-vlada-italije"],"_links":{"self":[{"href":"https:\/\/chicagodesavanja.us\/en\/wp-json\/wp\/v2\/posts\/29547","targetHints":{"allow":["GET"]}}],"collection":[{"href":"https:\/\/chicagodesavanja.us\/en\/wp-json\/wp\/v2\/posts"}],"about":[{"href":"https:\/\/chicagodesavanja.us\/en\/wp-json\/wp\/v2\/types\/post"}],"author":[{"embeddable":true,"href":"https:\/\/chicagodesavanja.us\/en\/wp-json\/wp\/v2\/users\/4"}],"replies":[{"embeddable":true,"href":"https:\/\/chicagodesavanja.us\/en\/wp-json\/wp\/v2\/comments?post=29547"}],"version-history":[{"count":0,"href":"https:\/\/chicagodesavanja.us\/en\/wp-json\/wp\/v2\/posts\/29547\/revisions"}],"wp:attachment":[{"href":"https:\/\/chicagodesavanja.us\/en\/wp-json\/wp\/v2\/media?parent=29547"}],"wp:term":[{"taxonomy":"category","embeddable":true,"href":"https:\/\/chicagodesavanja.us\/en\/wp-json\/wp\/v2\/categories?post=29547"},{"taxonomy":"post_tag","embeddable":true,"href":"https:\/\/chicagodesavanja.us\/en\/wp-json\/wp\/v2\/tags?post=29547"}],"curies":[{"name":"WP","href":"https:\/\/api.w.org\/{rel}","templated":true}]}}