{"id":29494,"date":"2024-01-15T05:16:03","date_gmt":"2024-01-15T05:16:03","guid":{"rendered":"https:\/\/chicagodesavanja.us\/amerikanac-sa-istetoviranom-srpsko-americkom-zastavom-o-svojoj-ljubavi-prema-srbiji-video\/"},"modified":"2024-01-15T05:16:03","modified_gmt":"2024-01-15T05:16:03","slug":"amerikanac-sa-istetoviranom-srpsko-americkom-zastavom-o-svojoj-ljubavi-prema-srbiji-video","status":"publish","type":"post","link":"https:\/\/chicagodesavanja.us\/en\/vesti\/amerikanac-sa-istetoviranom-srpsko-americkom-zastavom-o-svojoj-ljubavi-prema-srbiji-video\/","title":{"rendered":"Amerikanac sa istetoviranom srpsko-ameri\u010dkom zastavom o svojoj ljubavi prema Srbiji (VIDEO)"},"content":{"rendered":"<p class=\"wp-block-paragraph\">Kada je \u010carls Kater daleke 2010. godine prvi put do\u0161ao u Srbiju, niko u njegovom okru\u017eenju nije verovao da \u0107e se zadr\u017eati du\u017ee od mesec dana.<\/p>\n\n\n\n<p class=\"wp-block-paragraph\">Me\u0111utim, skoro \u010detrnaest godina kasnije, ovaj Amerikanac je vlasnik srpskog paso\u0161a, kao i privatne firme u Novom Sadu, a sebe i u budu\u0107nosti vidi upravo u Srbiji.<\/p>\n\n\n\n<figure class=\"wp-block-embed is-type-video is-provider-youtube wp-block-embed-youtube wp-embed-aspect-16-9 wp-has-aspect-ratio\"><div class=\"wp-block-embed__wrapper\">\n<iframe loading=\"lazy\" title=\"It&amp;apos;s Official: Charles Cather is a Serbian Citizen\" width=\"500\" height=\"281\" src=\"https:\/\/www.youtube.com\/embed\/r4a0LRapEKY?feature=oembed\" frameborder=\"0\" allow=\"accelerometer; autoplay; clipboard-write; encrypted-media; gyroscope; picture-in-picture; web-share\" referrerpolicy=\"strict-origin-when-cross-origin\" allowfullscreen><\/iframe>\n<\/div><\/figure>\n\n\n\n<p class=\"wp-block-paragraph\">&#8222;U poslednjih devet godina sam leto provodio u Americi, a ostatak godine u Srbiji. Me\u0111utim, 2024. bi mogla da bude prva godina koju \u0107u celu provesti u Srbiji&#8220;, ka\u017ee Kater u razgovoru za Euronews Srbija.<\/p>\n\n\n\n<p class=\"wp-block-paragraph\">\u010carls Endrju Karter ro\u0111en je u selu Lejk\u0161or u ameri\u010dkoj dr\u017eavi Viskonsin u skromnoj porodici. Otac mu mu je bio poljoprivrednik, a majka radila u lokalnoj upravi. Po zavr\u0161etku studija, u\u0161ao je u svet trgovine automobilima i godinama \u017eiveo u \u010cikagu.<\/p>\n\n\n\n<p class=\"wp-block-paragraph\">&#8222;Tada ni\u0161ta nisam znao o Srbiji, sem o glupoj propagandi kojom su nas hranili tokom bombardovanja. Ali znao sam jednog Srbina, koji je radio za mene&#8220;, prise\u0107a se Kater.<\/p>\n\n\n\n<p class=\"wp-block-paragraph\">Radio je \u0161est dana u nedelji i dobro zara\u0111ivao, ali je, ka\u017ee, \u017eiveo mizernim \u017eivotom. Jednog dana ga je jedan od kolega iz prodajnog tima u usputnom razgovoru pitao da li je nekada \u010duo za Fejsbuk stranu koja se zove &#8222;Mrzim SAD&#8220;.<\/p>\n\n\n\n<p class=\"wp-block-paragraph\">&#8222;Bila je to 2010. godina i ja sam bio nov na Fejsbuku. Pomislio sam: &#8216;Ko to mrzi Ameriku?&#8217; Jer sam ja sa Srednjeg zapada i mi smo velike patriote. Ameri\u010dki mediji su mi uvek ispirali mozak da smo najbolja dr\u017eava na svetu i da bolje nema. Zato nikad nisam \u010duo za takvu grupu&#8220;, prise\u0107a se na\u0161 sagovornik.<\/p>\n\n\n\n<p class=\"wp-block-paragraph\">Kada je otvorio dru\u0161tvene mre\u017ee da vidi o \u010demu se radi, primetio je objavu jednog Srbina iz Zrenjanina i po\u010deo je s njim da se dopisuje.<\/p>\n\n\n\n<p class=\"wp-block-paragraph\">&#8222;Razmenili smo nekoliko uvreda, a onda po\u010deli da se dopisujemo, pa se povezali i na Skajpu. Pri\u010dao mi je o ameri\u010dkom bombardovanju Srbije, o \u010demu sam ja vrlo malo znao, sem \u0161to sam mislio da je to ne\u0161to za dobrobit sveta, po\u0161to su nas tome u\u010dili u Americi. Ukratko, pri\u010dali smo mnogo i on me je pozvao u Zrenjanin&#8220;, ka\u017ee \u010carls.<\/p>\n\n\n\n<p class=\"wp-block-paragraph\">Ostalo je istorija. \u010carls se nakon turisti\u010dke posete Srbiji zaljubio u zemlju i njen narod i po\u010deo da na dru\u0161tvenim mre\u017eama svoje pratioce upoznaje sa njenim lepotama i istorijom.<\/p>\n\n\n\n<p class=\"wp-block-paragraph\">Po\u010deo je da pose\u0107uje Srbiju svake godine i poma\u017ee studentima da se uklju\u010de u ameri\u010dki program &#8222;Work and Travel&#8220;. Stekao je, ka\u017ee, mnogo prijatelja.<\/p>\n\n\n\n<p class=\"wp-block-paragraph\">Dobar glas o njegovom promovisanju Srbije u inostranstvu stigao je i do Vlade, koja mu je 6. juna 2020. dodelila po\u010dasno dr\u017eavljanstvo.<\/p>\n\n\n\n<p class=\"wp-block-paragraph\">&#8222;Ja sam jedina osoba u mojoj porodici sa dvojnim dr\u017eavljanstvom &#8211; dr\u017eavljanstvom zemlje koju volim i do koje mi je stalo, o kojoj mislim, sanjam u kojoj \u017eivim i radim. Stiven Sigal je dobio tako\u0111e po\u010dasno dr\u017eavljanstvo, ali ja se za razliku od njega nisam sam prijavio. Meni su dali. \u0160ta vi\u0161e mo\u017eete da tra\u017eite? To bi bilo kao kada bi va\u0161a omiljena zemlja na svetu bila Mauricijus i vlada Mauricijusa vas kontaktira i da vam po\u010dasno dr\u017eavljanstvo. To je apsolutna \u010dast&#8220;, ka\u017ee \u010carls.<\/p>\n\n\n\n<p class=\"wp-block-paragraph\">Dr\u017eavljanstvo mu je, ka\u017ee, olak\u0161alo \u017eivot, utoliko i \u0161to je ovde pokrenuo biznis, za koji uredno pla\u0107a porez, a sada mo\u017ee i lak\u0161e da putuje.<\/p>\n\n\n\n<p class=\"wp-block-paragraph\">&#8222;Ameri\u010dka vlada ograni\u010dava putovanja na Kubu, ali sada sa srpskim paso\u0161em mogu da idem bez problema. I\u0161ao sam u Jermeniju sa srpskim paso\u0161em bez vize, a mogu i u Rusiju, Kinu\u2026 Imam i lak\u0161i pristup zemljama kao \u0161to je Iran, sa kojima Amerika nema dobre odnose. Ali je srpski paso\u0161 na prvom mestu stvar ponosa&#8220;, podvla\u010di na\u0161 sagovornik.<\/p>\n\n\n\n<p class=\"wp-block-paragraph\">Ka\u017ee da ga ne doti\u010de to \u0161to 99 posto Amerikanaca nije ni \u010dulo za Srbiju i \u0161to je me\u0161aju sa Sibirom.<\/p>\n\n\n\n<p class=\"wp-block-paragraph\">&#8222;Istetovirao sam povezane ameri\u010dku i srpsku zastavu, jer sam toliko ponosan na to&#8220;, rekao je \u010carls.<\/p>\n\n\n\n<p class=\"wp-block-paragraph\">\u010carlsu je te\u0161ko da nabroji sve razloge zbog kojih je zavoleo Srbiju, ali naro\u010dito isti\u010de koliko se popravio kvalitet njegovog \u017eivota.<\/p>\n\n\n\n<p class=\"wp-block-paragraph\">&#8222;Otkako \u017eivim u Srbiji, vi\u0161e nisam na lekovima. Sni\u017een mi je krvni pritisak. Zdraviji sam. Sre\u0107niji sam nego \u0161to sam ikad bio u \u017eivotu. Ovde \u017eivim \u017eivot vez stresa&#8220;, ka\u017ee Kater.<\/p>\n\n\n\n<p class=\"wp-block-paragraph\">Kao velike prednosti isti\u010de priu\u0161tive zdravstvene usluge, ali i ose\u0107aj sigurnosti koji ima, jer za razliku od \u010cikaga, ovde mo\u017ee da se kre\u0107e gde ho\u0107e u bilo koje doba dana ili no\u0107i. I za hranu ima samo re\u010di hvale, a naravno i za rakiju.<\/p>\n\n\n\n<p class=\"wp-block-paragraph\">&#8222;U Americi tako\u0111e obi\u010dno ne pijem brendi &#8211; ovde pijem rakiju. Zapravo, ba\u0161 dok razgovaramo na stolu mi je \u010detiri godine stara \u0161ljivovica, tako da sam se pretvorio u prototip srpskog preduzetnika ovde&#8220;, \u0161ali se Kater.<\/p>\n\n\n\n<p class=\"wp-block-paragraph\">Svojim prijateljima iz Amerike, pored tradicionalnih specijaliteta, uvek preporu\u010duje da iskuse \u017eivot na srpskim selima.<\/p>\n\n\n\n<p class=\"wp-block-paragraph\">&#8222;Me\u0111u njima su i dva sela za koja verovatno nikad niste ni \u010duli: Ragode\u0161, koje je u Op\u0161tini Pirot i koje sam posetio sa prijateljem. Nalazi se na selu, i u u njemu \u017eivi jedna baka, koja je mislila da sam \u0161pijun. Mu\u010dio sam se i zadihao dok sam se penjao uzbrdo, dok je ta 85-ogodi\u0161nja \u017eena tr\u010dala ispred mene. Gaji svinje koje slobodno \u0161etaju u njenom vrtu. Pe\u010de \u010dak i svoju rakiju. Potpuno je samoodr\u017eiva&#8220;, ka\u017ee Kater.<\/p>\n\n\n\n<p class=\"wp-block-paragraph\">Drugo selo koje preporu\u010duje je Si\u0107evo.<\/p>\n\n\n\n<p class=\"wp-block-paragraph\">&#8222;Kad umrem, \u017eelim da budem sahranjen u Si\u0107evu. To je prelepo malo mesto blizu Ni\u0161ke Banje na jugu Srbrije. Nalazi se na velikoj planini i ima fudbalski teren sa pogledom na planinu. Svuda smo \u0161etali i kraj \u010dije god smo ku\u0107e pro\u0161li, zvali su nas da sednemo, da probamo rakiju i vino, a zatim zvali i kom\u0161ije. Znate, kad vas tako tretiraju, ose\u0107ate se kao zvezda&#8220;, isti\u010de \u010carls.<\/p>\n\n\n\n<p class=\"wp-block-paragraph\">Ono \u0161to Srbiju \u010dini posebnom, prema njegovom mi\u0161ljenju su &#8211; njeni ljudi.<\/p>\n\n\n\n<p class=\"wp-block-paragraph\">&#8222;Ljudi su izuzetno prijateljski nastrojeni, naro\u010dito ako ste stranac. Pa tehni\u010dki, ja vi\u0161e nisam ni stranac, jer sam i ja dr\u017eavljanin Srbije, ali ljudi su tako srda\u010dni, prijateljski nastrojeni, gostoljubivi\u2026 Ljudi ovu zemlju \u010dine onakvom kakva jeste. Uvek sam pozvan na slave, ro\u0111endane, ven\u010danja\u2026 Stalno zovu na kafu, a to zna\u010di da mo\u017eemo da sedimo dva sata i \u0107askamo. To me je u\u010dinilo boljim&#8220;, ka\u017ee na\u0161 sagovornik.<\/p>\n\n\n\n<p class=\"wp-block-paragraph\">Jo\u0161, ka\u017ee, nije nau\u010dio srpski jezik, a progres mu ote\u017eava to \u0161to mnogi u Srbiji govore Engleski.<\/p>\n\n\n\n<p class=\"wp-block-paragraph\">&#8222;To je moj nave\u0107i neuspeh i najve\u0107e kajanje. Kad sam \u017eiveo u Meksiku, morao sam da nau\u010dim \u0161panski, jer sam bio primoran. Ovde gde god da do\u0111em, svi govore engleski. Tvrde da govore &#8216;slabo&#8217;, ali uvek zapravo govore dobro&#8220;, isti\u010de \u010carls, dodaju\u0107i da planira uskoro da po\u010dne da poha\u0111a \u010dasove u \u0161koli jezika.<\/p>\n\n\n\n<p class=\"wp-block-paragraph\">Srpski dr\u017eavljanin planira da obele\u017ei i Novu godinu po julijanskom kalendaru, a voleo bi, ka\u017ee, da po\u010dne da slavi i svoju slavu.<\/p>\n\n\n\n<p class=\"wp-block-paragraph\">&#8222;Mislim da bi svaka osoba iz Amerike to trebalo da iskusi. To je fascinantno. Te koli\u010dine hrane\u2026 I nikad ne mo\u017eete da ka\u017eete da ste siti, jer oni nastavljaju da vas hrane. Zato mi te\u0161ko pada naro\u010dito Sveti Nikola, jer sam pozvan na mnogo slava. Moram da smi\u0161ljam izgovore da na neke od njih ne odem, jer ako odem, mora\u0107u da pojedem samo po malo i da onda odem na drugu slavu, pa na slede\u0107u, pa jo\u0161 jednu\u2026&#8220;, ka\u017ee Kater.<\/p>\n\n\n\n<p class=\"wp-block-paragraph\">On isti\u010de da mu je dvojno dr\u017eavljanstvo omogu\u0107ilo da iskusi najbolje od oba sveta, a kada pogleda u budu\u0107nost, vidi sebe u Srbiji.<\/p>\n\n\n\n<p class=\"wp-block-paragraph\">&#8222;Upravo sam otvorio firmu ovde koja se zove &#8216;Charlie&#8217;s Truck and Trailer Sales&#8217;. Sklopio sam partnerstvo sa velikom srpskom firmom za prodaju kamiona u Americi i prodajemo njihova vozila. Sada kada sam dr\u017eavljanin, ovde \u0107u do\u010dekati i penziju. Imam i zdravstveno osiguranje i svoje najbolje prijatelje Srbe&#8220;, zaklju\u010duje \u010carls Kater.<\/p>\n\n\n\n<p class=\"wp-block-paragraph\" style=\"font-size:10px\">SOURCE: <a href=\"https:\/\/www.euronews.rs\/magazin\/zivot\/111066\/amerikanac-sa-istetoviranom-srpsko-americkom-zastavom-o-svojoj-ljubavi-prema-srbiji-kad-umrem-sahranite-me-u-sicevu\/vest\" target=\"_blank\" rel=\"noopener\">EURONEWS<\/a> PHOTO: YOUTUBE SCREENSHOT <\/p>","protected":false},"excerpt":{"rendered":"<p>Kada je \u010carls Kater daleke 2010. godine prvi put do\u0161ao u Srbiju, niko u njegovom okru\u017eenju nije verovao da \u0107e se zadr\u017eati du\u017ee od mesec dana. Me\u0111utim, skoro \u010detrnaest godina kasnije, ovaj Amerikanac je vlasnik srpskog paso\u0161a, kao i privatne firme u Novom Sadu, a sebe i u budu\u0107nosti vidi upravo u Srbiji. &#8222;U poslednjih [&hellip;]<\/p>\n","protected":false},"author":3,"featured_media":0,"comment_status":"","ping_status":"","sticky":false,"template":"","format":"standard","meta":{"wpai_generated_summary":"","footnotes":""},"categories":[368,438],"tags":[538,24435,30599,44855,1256,568,631],"class_list":["post-29494","post","type-post","status-publish","format-standard","hentry","category-vesti-amerika","category-lifestyle","tag-amerika","tag-amerikanac","tag-ljubav-prema-srbiji","tag-odusevljenje","tag-pasos","tag-sad","tag-srbija"],"_links":{"self":[{"href":"https:\/\/chicagodesavanja.us\/en\/wp-json\/wp\/v2\/posts\/29494","targetHints":{"allow":["GET"]}}],"collection":[{"href":"https:\/\/chicagodesavanja.us\/en\/wp-json\/wp\/v2\/posts"}],"about":[{"href":"https:\/\/chicagodesavanja.us\/en\/wp-json\/wp\/v2\/types\/post"}],"author":[{"embeddable":true,"href":"https:\/\/chicagodesavanja.us\/en\/wp-json\/wp\/v2\/users\/3"}],"replies":[{"embeddable":true,"href":"https:\/\/chicagodesavanja.us\/en\/wp-json\/wp\/v2\/comments?post=29494"}],"version-history":[{"count":0,"href":"https:\/\/chicagodesavanja.us\/en\/wp-json\/wp\/v2\/posts\/29494\/revisions"}],"wp:attachment":[{"href":"https:\/\/chicagodesavanja.us\/en\/wp-json\/wp\/v2\/media?parent=29494"}],"wp:term":[{"taxonomy":"category","embeddable":true,"href":"https:\/\/chicagodesavanja.us\/en\/wp-json\/wp\/v2\/categories?post=29494"},{"taxonomy":"post_tag","embeddable":true,"href":"https:\/\/chicagodesavanja.us\/en\/wp-json\/wp\/v2\/tags?post=29494"}],"curies":[{"name":"WP","href":"https:\/\/api.w.org\/{rel}","templated":true}]}}