{"id":29425,"date":"2024-01-19T05:24:00","date_gmt":"2024-01-19T05:24:00","guid":{"rendered":"https:\/\/chicagodesavanja.us\/severna-koreja-tinejdzeri-osudjeni-na-12-godina-teskog-rada-zbog-gledanja-juznokorejskih-serija\/"},"modified":"2024-01-19T05:24:00","modified_gmt":"2024-01-19T05:24:00","slug":"severna-koreja-tinejdzeri-osudjeni-na-12-godina-teskog-rada-zbog-gledanja-juznokorejskih-serija","status":"publish","type":"post","link":"https:\/\/chicagodesavanja.us\/en\/vesti\/severna-koreja-tinejdzeri-osudjeni-na-12-godina-teskog-rada-zbog-gledanja-juznokorejskih-serija\/","title":{"rendered":"Severna Koreja: Tinejd\u017eeri osu\u0111eni na 12 godina te\u0161kog rada zbog gledanja ju\u017enokorejskih serija"},"content":{"rendered":"<p class=\"wp-block-paragraph\">Severna Koreja javno je osudila dvojicu tinejd\u017eera na 12 godina te\u0161kog rada zbog gledanja ju\u017enokorejskih serija koje su u toj zemlji zabranjene,\u00a0pi\u0161e\u00a0BBC,\u00a0pozivaju\u0107i se na snimke istra\u017eiva\u010dkog instituta SAND, koji\u00a0se bavi za\u0161titom prava ljudi koji su prebegli.<\/p>\n\n\n\n<p class=\"wp-block-paragraph\">Video-snimak, za koji se pretpostavlja da je nastao 2022. godine, prikazuje dvojicu 16-godi\u0161njaka sa\u00a0lisicama na rukama pred stotinama u\u010denika na stadionu, kao i policajce u uniformi koji su tinejd\u017eere prekorili, jer nisu &#8222;duboko razmislili o svojim gre\u0161kama&#8220;.<\/p>\n\n\n\n<p class=\"wp-block-paragraph\">Dostavljeni snimak je, navodno, distribuiran u Severnoj Koreji radi ideolo\u0161ke edukacije i upozorenja gra\u0111anima da ne gledaju &#8222;dekadentne sadr\u017eaje&#8220;, a uklju\u010duje i naratora koji ponavlja dr\u017eavnu propagandu.<\/p>\n\n\n\n<p class=\"wp-block-paragraph\">&#8222;Kultura pokvarenog marionetskog re\u017eima&nbsp;(Ju\u017ena Koreja)&nbsp;pro\u0161irila se \u010dak i na tinejd\u017eere. Imaju samo 16 godina, ali su uni\u0161tili sopstvenu budu\u0107nost&#8220;,&nbsp;govorio je narator preko razglasa na stadionu.<\/p>\n\n\n\n<p class=\"wp-block-paragraph\">Policajci su imenovali tinejd\u017eere i otkrili njihove adrese.<\/p>\n\n\n\n<p class=\"wp-block-paragraph\">Maloletnici koji su\u00a0u ranijim slu\u010dajevima\u00a0na taj na\u010din prekri\u0161ili zakon\u00a0bili\u00a0su poslati u omladinske radne logore, a kazna je obi\u010dno bila manja od pet godina.<\/p>\n\n\n\n<p class=\"wp-block-paragraph\">Me\u0111utim, 2020. godine Pjongjang je doneo zakon prema kojem se gledanje ili distribucija ju\u017enokorejskog zabavnog programa ka\u017enjava smr\u0107u.<\/p>\n\n\n\n<p class=\"wp-block-paragraph\">Sagovornik\u00a0BBC-ja\u00a0koji je pobegao iz Severne Koreje, ranije je izjavio da je bio prisiljen da gleda kako ubijaju 22-godi\u0161njaka iz vatrenog oru\u017eja, zbog optu\u017ebe da je slu\u0161ao ju\u017enokorejsku muziku i sa svojim prijateljem delio ju\u017enokorejske filmove.<\/p>\n\n\n\n<p class=\"wp-block-paragraph\">Izvr\u0161na\u00a0direktorka\u00a0instituta &#8222;SAND&#8220; ka\u017ee da\u00a0Pjongjang vidi \u0161irenje\u00a0ju\u017enokorejskih serija i muzike\u00a0kao opasnost za svoju ideologiju.<br><br>&#8222;Divljenje ju\u017enokorejskom dru\u0161tvu uskoro mo\u017ee dovesti do slabljenja sistema\u00a0i\u00a0monolitne ideologije koja tera\u00a0gra\u0111ane Severne Koreje\u00a0da po\u0161tuju porodicu Kim&#8220;,\u00a0rekla je direktorka instituta SAND.<\/p>\n\n\n\n<p class=\"wp-block-paragraph\">Ju\u017enokorejska zabava, uklju\u010duju\u0107i TV serije, zabranjena je u Severnoj Koreji, dok su ovakvi snimci retki, jer Severna Koreja zabranjuje da fotografije, video i drugi dokazi o \u017eivotu u zemlji procure u spoljni svet.<\/p>\n\n\n\n<p class=\"wp-block-paragraph\">&#8222;Za\u00a0one u\u00a0Severnoj\u00a0Koreji,\u00a0ju\u017enokorejske\u00a0drame su \u2018droga\u2019 koja im poma\u017ee da zaborave te\u0161ku stvarnost.\u00a0Mi o Ju\u017enoj Koreji saznajemo samo u delu kako \u017eive gore od nas, ali kada pogledate njihove serije, onda saznajete za potpuno druga\u010diji svet. I zbog toga se vlasti u Pjongjangu toga pla\u0161e&#8220;, rekao je sagovornik\u00a0<em>BBC-ja<\/em>.<\/p>\n\n\n\n<p class=\"wp-block-paragraph\"><\/p>\n\n\n\n<p class=\"wp-block-paragraph\" style=\"font-size:10px\">SOURCE: <a href=\"https:\/\/www.rts.rs\/lat\/vesti\/svet\/5348846\/severna-koreja-serija-kazna-juzna-koreja-tinejdzeri.html\" target=\"_blank\" rel=\"noopener\">RTS<\/a> PHOTO: SCREENSHOT<\/p>","protected":false},"excerpt":{"rendered":"<p>Severna Koreja javno je osudila dvojicu tinejd\u017eera na 12 godina te\u0161kog rada zbog gledanja ju\u017enokorejskih serija koje su u toj zemlji zabranjene,\u00a0pi\u0161e\u00a0BBC,\u00a0pozivaju\u0107i se na snimke istra\u017eiva\u010dkog instituta SAND, koji\u00a0se bavi za\u0161titom prava ljudi koji su prebegli. Video-snimak, za koji se pretpostavlja da je nastao 2022. godine, prikazuje dvojicu 16-godi\u0161njaka sa\u00a0lisicama na rukama pred stotinama u\u010denika [&hellip;]<\/p>\n","protected":false},"author":4,"featured_media":0,"comment_status":"","ping_status":"","sticky":false,"template":"","format":"standard","meta":{"wpai_generated_summary":"","footnotes":""},"categories":[431,369],"tags":[10608,25666,4789],"class_list":["post-29425","post","type-post","status-publish","format-standard","hentry","category-svet","category-vesti","tag-juzna-koreja","tag-severna-koreja","tag-tinejdzeri"],"_links":{"self":[{"href":"https:\/\/chicagodesavanja.us\/en\/wp-json\/wp\/v2\/posts\/29425","targetHints":{"allow":["GET"]}}],"collection":[{"href":"https:\/\/chicagodesavanja.us\/en\/wp-json\/wp\/v2\/posts"}],"about":[{"href":"https:\/\/chicagodesavanja.us\/en\/wp-json\/wp\/v2\/types\/post"}],"author":[{"embeddable":true,"href":"https:\/\/chicagodesavanja.us\/en\/wp-json\/wp\/v2\/users\/4"}],"replies":[{"embeddable":true,"href":"https:\/\/chicagodesavanja.us\/en\/wp-json\/wp\/v2\/comments?post=29425"}],"version-history":[{"count":0,"href":"https:\/\/chicagodesavanja.us\/en\/wp-json\/wp\/v2\/posts\/29425\/revisions"}],"wp:attachment":[{"href":"https:\/\/chicagodesavanja.us\/en\/wp-json\/wp\/v2\/media?parent=29425"}],"wp:term":[{"taxonomy":"category","embeddable":true,"href":"https:\/\/chicagodesavanja.us\/en\/wp-json\/wp\/v2\/categories?post=29425"},{"taxonomy":"post_tag","embeddable":true,"href":"https:\/\/chicagodesavanja.us\/en\/wp-json\/wp\/v2\/tags?post=29425"}],"curies":[{"name":"WP","href":"https:\/\/api.w.org\/{rel}","templated":true}]}}