{"id":29411,"date":"2024-01-20T05:08:00","date_gmt":"2024-01-20T05:08:00","guid":{"rendered":"https:\/\/chicagodesavanja.us\/apple-je-zatrazio-da-se-zabrana-odgodi\/"},"modified":"2024-01-20T05:08:00","modified_gmt":"2024-01-20T05:08:00","slug":"apple-je-zatrazio-da-se-zabrana-odgodi","status":"publish","type":"post","link":"https:\/\/chicagodesavanja.us\/en\/vesti\/apple-je-zatrazio-da-se-zabrana-odgodi\/","title":{"rendered":"Sud u Americi zabranio prodaju dva modela Apple pametnih satova"},"content":{"rendered":"<p class=\"wp-block-paragraph\">Ameri\u010dki sud zabranio je prodaju dva modela Apple &#8222;pametnih&#8220; satova u SAD-u, izmeniv\u0161i presudu u sporu oko kr\u0161enja patenata proizvo\u0111a\u010da medicinskih ure\u0111aja Masimo.<\/p>\n\n\n\n<p class=\"wp-block-paragraph\">Masimo je optu\u017eio tehnolo\u0161kog diva da mu otima klju\u010dne radnike i neovla\u0161\u0107eno koristi njegovu tehnologiju za merenje nivoa kiseonika u krvi.<\/p>\n\n\n\n<p class=\"wp-block-paragraph\">U oktobru je ameri\u010dka Komisija za me\u0111unarodnu trgovinu utvrdila da je Apple prekr\u0161io dva Masimova patenta i zabranila je prodaju \u2018pametnih\u2019 satova s aplikacijom baziranom na Masimovoj tehnologiji i uvoz.<\/p>\n\n\n\n<p class=\"wp-block-paragraph\">Po\u010detkom decembra Apple je \u201epreventivno\u201d uklonio ure\u0111aje sa internetske stranice i iz trgovina u SAD-u i najavio je \u017ealbu na odluku regulatora. Dozvoljena im je prodaja satova Series 9 i Ultra 2 dok je postupak u toku, ali je vi\u0161i sud u sredu, 17. oktobra promenio odluku.<\/p>\n\n\n\n<p class=\"wp-block-paragraph\"><strong>Apple tra\u017ei da se zabrana odgodi<\/strong><\/p>\n\n\n\n<p class=\"wp-block-paragraph\">Apple je zatra\u017eio da se zabrana odgodi dok carinska uprava ne utvrdi jesu li patenti prekr\u0161eni i u izmenjenim verzijama satova, koje ne koriste Masimovu tehnologiju.<\/p>\n\n\n\n<p class=\"wp-block-paragraph\">Sporna aplikacija ugra\u0111ena je od 2020. godine u ve\u0107inu Apple satova, uklju\u010duju\u0107i Series 9 i Ultra 2, ali ne i u model SE. Od sino\u0107 se satovi s ugra\u0111enom aplikacijom vi\u0161e ne\u0107e mo\u0107i uvoziti.<\/p>\n\n\n\n<p class=\"wp-block-paragraph\">U \u010detvrtak je Apple poru\u010dio da \u0107e na tr\u017ei\u0161te plasirati samo \u201edozvoljene\u201c satove kako bi ih zadr\u017eao u prodaju, navodi BBC.<\/p>\n\n\n\n<p class=\"wp-block-paragraph\">\u201cU i\u0161\u010dekivanju ishoda \u017ealbenog postupka Apple preduzima mere kako bi postupio u skladu sa presudom, istovremeno osiguravaju\u0107i korisnicima pristup Apple Watch-u uz ograni\u010dene smetnje\u201d, saop\u0161tili su iz kompanije.<\/p>\n\n\n\n<p class=\"wp-block-paragraph\" style=\"font-size:10px\">SOURCE: <a href=\"https:\/\/n1info.rs\/svet\/sud-u-americi-zabranio-prodaju-dva-modela-apple-ovih-pametnih-satova\/\" target=\"_blank\" rel=\"noopener\">N1<\/a> PHOTO: YOUTUBE SCREENSHOT<\/p>","protected":false},"excerpt":{"rendered":"<p>Ameri\u010dki sud zabranio je prodaju dva modela Apple &#8222;pametnih&#8220; satova u SAD-u, izmeniv\u0161i presudu u sporu oko kr\u0161enja patenata proizvo\u0111a\u010da medicinskih ure\u0111aja Masimo. Masimo je optu\u017eio tehnolo\u0161kog diva da mu otima klju\u010dne radnike i neovla\u0161\u0107eno koristi njegovu tehnologiju za merenje nivoa kiseonika u krvi. U oktobru je ameri\u010dka Komisija za me\u0111unarodnu trgovinu utvrdila da je [&hellip;]<\/p>\n","protected":false},"author":3,"featured_media":0,"comment_status":"","ping_status":"","sticky":false,"template":"","format":"standard","meta":{"wpai_generated_summary":"","footnotes":""},"categories":[368,369],"tags":[538,44771,3899,44772,568,6705,29752],"class_list":["post-29411","post","type-post","status-publish","format-standard","hentry","category-vesti-amerika","category-vesti","tag-amerika","tag-apple-pametni-satovi","tag-apple-watch","tag-patent","tag-sad","tag-zabrana","tag-zabrana-prodaje"],"_links":{"self":[{"href":"https:\/\/chicagodesavanja.us\/en\/wp-json\/wp\/v2\/posts\/29411","targetHints":{"allow":["GET"]}}],"collection":[{"href":"https:\/\/chicagodesavanja.us\/en\/wp-json\/wp\/v2\/posts"}],"about":[{"href":"https:\/\/chicagodesavanja.us\/en\/wp-json\/wp\/v2\/types\/post"}],"author":[{"embeddable":true,"href":"https:\/\/chicagodesavanja.us\/en\/wp-json\/wp\/v2\/users\/3"}],"replies":[{"embeddable":true,"href":"https:\/\/chicagodesavanja.us\/en\/wp-json\/wp\/v2\/comments?post=29411"}],"version-history":[{"count":0,"href":"https:\/\/chicagodesavanja.us\/en\/wp-json\/wp\/v2\/posts\/29411\/revisions"}],"wp:attachment":[{"href":"https:\/\/chicagodesavanja.us\/en\/wp-json\/wp\/v2\/media?parent=29411"}],"wp:term":[{"taxonomy":"category","embeddable":true,"href":"https:\/\/chicagodesavanja.us\/en\/wp-json\/wp\/v2\/categories?post=29411"},{"taxonomy":"post_tag","embeddable":true,"href":"https:\/\/chicagodesavanja.us\/en\/wp-json\/wp\/v2\/tags?post=29411"}],"curies":[{"name":"WP","href":"https:\/\/api.w.org\/{rel}","templated":true}]}}