{"id":29311,"date":"2024-02-22T05:24:00","date_gmt":"2024-02-22T05:24:00","guid":{"rendered":"https:\/\/chicagodesavanja.us\/protesti-farmera-sirom-evrope-u-grckoj-blokade-na-evzoniju-kolone-traktora-stigle-u-madrid\/"},"modified":"2024-02-22T05:24:00","modified_gmt":"2024-02-22T05:24:00","slug":"protesti-farmera-sirom-evrope-u-grckoj-blokade-na-evzoniju-kolone-traktora-stigle-u-madrid","status":"publish","type":"post","link":"https:\/\/chicagodesavanja.us\/en\/vesti\/protesti-farmera-sirom-evrope-u-grckoj-blokade-na-evzoniju-kolone-traktora-stigle-u-madrid\/","title":{"rendered":"Protesti farmera \u0161irom Evrope: U Gr\u010dkoj blokade na Evzoniju, kolone traktora stigle u Madrid"},"content":{"rendered":"<p class=\"wp-block-paragraph\">Poljoprivrednici protestuju ispred atinskog trga Sintagma, ponavljaju\u0107i sli\u010dne zahteve koji su se mogli \u010duti \u0161irom Evrope. U \u0160paniji, kolone traktora kre\u0107u se prema Madridu, gde su grupe poljoprivrednika ve\u0107 blokirale trg Puerta de Alkala.<\/p>\n\n\n\n<p class=\"wp-block-paragraph\">Gr\u010dki poljoprivrednici zatrubili su sirenama sa svojih traktora ispred parlamenta, nakon \u0161to su proveli no\u0107 na centralnim gradskim ulicama Atine, kako bi izrazili protest protiv sve ve\u0107ih tro\u0161kova goriva i proizvodnje.<\/p>\n\n\n\n<p class=\"wp-block-paragraph\">Najmanje 8.000 poljoprivrednika, farmera i sto\u010dara priklju\u010dili su se protestu na trgu Sintagma, drugi dan zaredom, ponavljaju\u0107i sli\u010dne zahteve koji su se mogli \u010duti kod demonstranata-poljoprivrednika \u0161irom Evrope, navodi&nbsp;<em>Rojters<\/em>.<\/p>\n\n\n\n<p class=\"wp-block-paragraph\">&#8222;Povukli smo potez i sada \u010dekamo rezultat&#8220;, rekao je farmer Konstantinos Kirijakopulos (34) iz ju\u017enog gr\u010dkog regiona Mesinije.<\/p>\n\n\n\n<p class=\"wp-block-paragraph\">Demonstranti ka\u017eu da su pogo\u0111eni klimatskim promenama, nepredvidivim poplavama, ekstremnim vru\u0107inama i po\u017earima, \u0161to \u010dini njihov posao jo\u0161 rizi\u010dnijim.<\/p>\n\n\n\n<p class=\"wp-block-paragraph\">Poljoprivrednici su povremeno blokirali puteve i grani\u010dne prelaze prethodnih nedelja, dok su njihovi sindikati razgovarali sa vladom premijera Kirjakosa Micotakisa oko finansijske pomo\u0107i.<\/p>\n\n\n\n<p class=\"wp-block-paragraph\">Vlada je do sada ponudila popust na ra\u010dune za struju i pro\u0161irenje poreske olak\u0161ice na poljoprivredni dizel do kraja 2024. godine, poru\u010dila je da je spremna da razgovara o jo\u0161 tema koji se ti\u010du poreza, ali i da ove godine nema mogu\u0107nosti za nove ustupke.<\/p>\n\n\n\n<p class=\"wp-block-paragraph\"><strong>Blokade i u \u0160paniji<\/strong><\/p>\n\n\n\n<p class=\"wp-block-paragraph\">Nekoliko stotina poljoprivrednika okupilo se na trgu Puerta de Alkala u Madridu, gde \u010dekaju dolazak pet kolona traktora koji su krenuli rano jutros sa vi\u0161e lokacija u \u0160paniji.<\/p>\n\n\n\n<p class=\"wp-block-paragraph\">Uz poziv sindikata Union, \u010detvrte poljoprivredne organizacije po snazi u \u0160paniji, farmeri \u0107e sa trga, koji je blokiran, krenuti ka ministarstvu poljoprivrede, preneo je El Pais.<\/p>\n\n\n\n<p class=\"wp-block-paragraph\">Tokom mar\u0161a ka Madridu, farmeri su blokirali jedan put, u znak protesta zato \u0161to je Civilna garda spre\u010dila 130 od 250 traktora da pro\u0111u.<\/p>\n\n\n\n<p class=\"wp-block-paragraph\">Postoje povremeni prekidi i na drugim deonicama, pa se saobra\u0107aj u tom delu \u0160panije odvija usporeno.<\/p>\n\n\n\n<p class=\"wp-block-paragraph\">Vladina delegacija u Madridu izvestila je u 11.00 pre podne da je 500 traktora pu\u0161teno u Madrid i da je spre\u010deno da pro\u0111e 150 poljoprivrednih vozila.<\/p>\n\n\n\n<p class=\"wp-block-paragraph\">\u0160panski poljoprivrednici zahtevaju smanjenje poreza, kao i ukidanje pravila Evropske unije zbog kojih su, kako tvrde, manje konkurentni u odnosu na poljoprivrednike izvan Unije.<\/p>\n\n\n\n<p class=\"wp-block-paragraph\">Poljoprivrednici protestuju i u drugim evropskim zemljama, kao \u0161to su Nema\u010dka, Belgija i \u010ce\u0161ka, ali i u Indiji.<\/p>\n\n\n\n<p class=\"wp-block-paragraph\">U Delhiju, policija je ispalila suzavac da bi se rasterala hiljade farmera koji su odbili vladinu ponudu o cenama za njihove proizvode.<\/p>\n\n\n\n<p class=\"wp-block-paragraph\"><\/p>\n\n\n\n<p class=\"wp-block-paragraph\" style=\"font-size:10px\">SOURCE: <a href=\"https:\/\/rts.rs\/lat\/vesti\/svet\/5371455\/poljoprivrednici-protest-grcka-spanija-francuska.html\" target=\"_blank\" rel=\"noopener\">RTS<\/a> PHOTO: SCREENSHOT<\/p>","protected":false},"excerpt":{"rendered":"<p>Poljoprivrednici protestuju ispred atinskog trga Sintagma, ponavljaju\u0107i sli\u010dne zahteve koji su se mogli \u010duti \u0161irom Evrope. U \u0160paniji, kolone traktora kre\u0107u se prema Madridu, gde su grupe poljoprivrednika ve\u0107 blokirale trg Puerta de Alkala. Gr\u010dki poljoprivrednici zatrubili su sirenama sa svojih traktora ispred parlamenta, nakon \u0161to su proveli no\u0107 na centralnim gradskim ulicama Atine, kako [&hellip;]<\/p>\n","protected":false},"author":4,"featured_media":0,"comment_status":"","ping_status":"","sticky":false,"template":"","format":"standard","meta":{"wpai_generated_summary":"","footnotes":""},"categories":[431,369],"tags":[433,5149,531,9781,1911,9782,4091],"class_list":["post-29311","post","type-post","status-publish","format-standard","hentry","category-svet","category-vesti","tag-evropa","tag-farmeri","tag-grcka","tag-poljoprivrednici","tag-protest","tag-protest-poljoprivrednika","tag-spanija"],"_links":{"self":[{"href":"https:\/\/chicagodesavanja.us\/en\/wp-json\/wp\/v2\/posts\/29311","targetHints":{"allow":["GET"]}}],"collection":[{"href":"https:\/\/chicagodesavanja.us\/en\/wp-json\/wp\/v2\/posts"}],"about":[{"href":"https:\/\/chicagodesavanja.us\/en\/wp-json\/wp\/v2\/types\/post"}],"author":[{"embeddable":true,"href":"https:\/\/chicagodesavanja.us\/en\/wp-json\/wp\/v2\/users\/4"}],"replies":[{"embeddable":true,"href":"https:\/\/chicagodesavanja.us\/en\/wp-json\/wp\/v2\/comments?post=29311"}],"version-history":[{"count":0,"href":"https:\/\/chicagodesavanja.us\/en\/wp-json\/wp\/v2\/posts\/29311\/revisions"}],"wp:attachment":[{"href":"https:\/\/chicagodesavanja.us\/en\/wp-json\/wp\/v2\/media?parent=29311"}],"wp:term":[{"taxonomy":"category","embeddable":true,"href":"https:\/\/chicagodesavanja.us\/en\/wp-json\/wp\/v2\/categories?post=29311"},{"taxonomy":"post_tag","embeddable":true,"href":"https:\/\/chicagodesavanja.us\/en\/wp-json\/wp\/v2\/tags?post=29311"}],"curies":[{"name":"WP","href":"https:\/\/api.w.org\/{rel}","templated":true}]}}