{"id":29260,"date":"2024-02-25T06:13:27","date_gmt":"2024-02-25T06:13:27","guid":{"rendered":"https:\/\/chicagodesavanja.us\/trump-zrtva-afroamerikanci-me-vole\/"},"modified":"2024-02-25T06:13:27","modified_gmt":"2024-02-25T06:13:27","slug":"trump-zrtva-afroamerikanci-me-vole","status":"publish","type":"post","link":"https:\/\/chicagodesavanja.us\/en\/vesti\/trump-zrtva-afroamerikanci-me-vole\/","title":{"rendered":"Trump \u017ertva? &#8222;Afroamerikanci me vole&#8220;"},"content":{"rendered":"<p class=\"wp-block-paragraph\">Biv\u0161i predsednik SAD Donald Trump izjavio je da zbog \u010detiri krivi\u010dne optu\u017enice koje su podignute protiv njega ima ve\u0107u podr\u0161ku me\u0111u Afroamerikancima.<\/p>\n\n\n\n<p class=\"wp-block-paragraph\">Podr\u017eavaju ga, prema njegovim re\u010dima &#8220;jer ga vide kao \u017ertvu diskriminacije&#8220;, upore\u0111uju\u0107i ono \u0161to mu se de\u0161ava sa istorijskim nasle\u0111em predrasuda o Afroamerikancima u ameri\u010dkom pravnom sistemu.<\/p>\n\n\n\n<p class=\"wp-block-paragraph\">&#8222;Optu\u017een sam ni za \u0161ta, za ne\u0161to \u0161to nije ni\u0161ta&#8220;, rekao je Trump na skupu afroameri\u010dkih konzervativaca u Ju\u017enoj Karolini, preneo je AP. <\/p>\n\n\n\n<p class=\"wp-block-paragraph\">&#8222;I mnogo ljudi je reklo da me zato Afroamerikanci vole, jer su te\u0161ko povre\u0111eni i diskriminisani i zapravo su videli da sam i ja diskriminisan. To je prili\u010dno neverovatno, ali mo\u017eda, mo\u017eda, ima ne\u010dega u tome&#8220;, istako je Trump. <\/p>\n\n\n\n<p class=\"wp-block-paragraph\">Ranije, Trump se uporedio sa ruskim opozicionarom Aleksejem Navaljnim, koji je umro u zatvoru.<\/p>\n\n\n\n<p class=\"wp-block-paragraph\">On je svoju tre\u0107u kampanju za Belu ku\u0107u usredsredio na pritu\u017ebe protiv Biden-a i ono \u0161to naziva &#8222;dubokom dr\u017eavom&#8220; koja se &#8222;okomila&#8220; na njega.<\/p>\n\n\n\n<p class=\"wp-block-paragraph\">Trump-ov izborni \u0161tab predvi\u0111a da \u0107e on u novembru na izborima pro\u0107i bolje kod afroameri\u010dkih glasa\u010da nego pre \u010detiri godine, navode\u0107i da on ima prednost po pitanjima poput ekonomije i rekordnog broja ljudi koji prelaze ameri\u010dku granicu sa Meksikom, koji \u010desto zavr\u0161avaju u gradovima sa velikom afroameri\u010dkom populacijom.<\/p>\n\n\n\n<p class=\"wp-block-paragraph\" style=\"font-size:10px\">SOURCE: <a href=\"https:\/\/www.b92.net\/info\/vesti\/index.php?yyyy=2024&amp;mm=02&amp;dd=24&amp;nav_category=78&amp;nav_id=2487164\" target=\"_blank\" rel=\"noreferrer noopener\">B92<\/a>, PHOTO: PRINTSCREEN <\/p>","protected":false},"excerpt":{"rendered":"<p>Biv\u0161i predsednik SAD Donald Trump izjavio je da zbog \u010detiri krivi\u010dne optu\u017enice koje su podignute protiv njega ima ve\u0107u podr\u0161ku me\u0111u Afroamerikancima. Podr\u017eavaju ga, prema njegovim re\u010dima &#8220;jer ga vide kao \u017ertvu diskriminacije&#8220;, upore\u0111uju\u0107i ono \u0161to mu se de\u0161ava sa istorijskim nasle\u0111em predrasuda o Afroamerikancima u ameri\u010dkom pravnom sistemu. &#8222;Optu\u017een sam ni za \u0161ta, za [&hellip;]<\/p>\n","protected":false},"author":1,"featured_media":0,"comment_status":"","ping_status":"","sticky":false,"template":"","format":"standard","meta":{"footnotes":""},"categories":[368,369],"tags":[38469,404],"class_list":["post-29260","post","type-post","status-publish","format-standard","hentry","category-vesti-amerika","category-vesti","tag-afroamerikanci","tag-donald-trump"],"_links":{"self":[{"href":"https:\/\/chicagodesavanja.us\/en\/wp-json\/wp\/v2\/posts\/29260","targetHints":{"allow":["GET"]}}],"collection":[{"href":"https:\/\/chicagodesavanja.us\/en\/wp-json\/wp\/v2\/posts"}],"about":[{"href":"https:\/\/chicagodesavanja.us\/en\/wp-json\/wp\/v2\/types\/post"}],"author":[{"embeddable":true,"href":"https:\/\/chicagodesavanja.us\/en\/wp-json\/wp\/v2\/users\/1"}],"replies":[{"embeddable":true,"href":"https:\/\/chicagodesavanja.us\/en\/wp-json\/wp\/v2\/comments?post=29260"}],"version-history":[{"count":0,"href":"https:\/\/chicagodesavanja.us\/en\/wp-json\/wp\/v2\/posts\/29260\/revisions"}],"wp:attachment":[{"href":"https:\/\/chicagodesavanja.us\/en\/wp-json\/wp\/v2\/media?parent=29260"}],"wp:term":[{"taxonomy":"category","embeddable":true,"href":"https:\/\/chicagodesavanja.us\/en\/wp-json\/wp\/v2\/categories?post=29260"},{"taxonomy":"post_tag","embeddable":true,"href":"https:\/\/chicagodesavanja.us\/en\/wp-json\/wp\/v2\/tags?post=29260"}],"curies":[{"name":"WP","href":"https:\/\/api.w.org\/{rel}","templated":true}]}}