{"id":29146,"date":"2024-02-06T12:30:00","date_gmt":"2024-02-06T12:30:00","guid":{"rendered":"https:\/\/chicagodesavanja.us\/honda-povlaci-na-popravku-750-000-vozila-u-americi\/"},"modified":"2024-02-06T12:30:00","modified_gmt":"2024-02-06T12:30:00","slug":"honda-povlaci-na-popravku-750-000-vozila-u-americi","status":"publish","type":"post","link":"https:\/\/chicagodesavanja.us\/en\/vesti\/honda-povlaci-na-popravku-750-000-vozila-u-americi\/","title":{"rendered":"Honda povla\u010di na popravku 750.000 vozila u Americi"},"content":{"rendered":"<p class=\"wp-block-paragraph\">Kompanija Honda Motor saop\u0161tila je da povla\u010di na popravku oko 750.000 vozila u SAD, proizvedenih od 2020. zbog kvara na sistemima vazdu\u0161nih jastuka.<\/p>\n\n\n\n<p class=\"wp-block-paragraph\">Nacionalna uprava za bezbednost saobra\u0107aja na auto-putevima (NHTSA) istakla je da bi senzori te\u017eine suvoza\u010devog sedi\u0161ta, koji bi trebalo da budu zamenjeni, mogli da puknu i dovedu do kratkog spoja, nakon \u010dega ne bi uspeli da potisnu vazdu\u0161ne jastuke kao \u0161to je predvi\u0111eno, preneo je Rojters.<\/p>\n\n\n\n<p class=\"wp-block-paragraph\">Revizija se odnosi na odre\u0111ena vozila modela Honda Pilot, Acord i Civic, koja su proizvedena izme\u0111u 2020. i 2022, kao i na neka vozila Honda CR-V iz 2020. i 2021.<\/p>\n\n\n\n<p class=\"wp-block-paragraph\">Kompanija je istakla da ima 3.834 zahteva na osnovu garancije i dodaje da nije bilo izve\u0161taja o povredama ili smrtnim ishodima u vezi sa zahtevima za povla\u010denje vozila na popravku od juna 2020.<\/p>\n\n\n\n<p class=\"wp-block-paragraph\">Honda je, obja\u0161njavaju\u0107i kako je kvar mo\u017eda nastao, navela da \u201enakon \u0161to je prirodna katastrofa pogodila proizvodni pogon podizvo\u0111a\u010da, dobavlja\u010d privremeno promenio osnovni materijal na \u0161tampanoj plo\u010di senzora te\u017eine sedi\u0161ta\u201d.<\/p>\n\n\n\n<p class=\"wp-block-paragraph\">Kompanija je dodala da bi alternativni materijal, koji je potom kori\u0161\u0107en, mogao da dovede do dodatnog optere\u0107enja na plo\u010di.<\/p>\n\n\n\n<p class=\"wp-block-paragraph\">Toyota Motor je proteklog decembra povukao 1,12 miliona vozila \u0161irom sveta, jer bi kratak spoj u senzoru mogao da dovede do toga da vazdu\u0161ni jastuci ne budu aktivirani kako je dizajnirano, prenosi Tanjug.<\/p>\n\n\n\n<p class=\"wp-block-paragraph\">Pored toga, Honda je povukla 4,5 miliona vozila \u0161irom sveta zbog rizika od kvara pumpe za gorivo, \u0161to se odnosi na 2,54 miliona vozila u SAD, podse\u0107a Rojters.<\/p>\n\n\n\n<p class=\"wp-block-paragraph\" style=\"font-size:10px\">SOURCE: <a href=\"https:\/\/www.politika.rs\/sr\/clanak\/597888\/Honda-povlaci-na-popravku-750-000-vozila-u-Americi\" target=\"_blank\" rel=\"noopener\">Politics<\/a> PHOTO: PEXELS <\/p>","protected":false},"excerpt":{"rendered":"<p>Kompanija Honda Motor saop\u0161tila je da povla\u010di na popravku oko 750.000 vozila u SAD, proizvedenih od 2020. zbog kvara na sistemima vazdu\u0161nih jastuka. Nacionalna uprava za bezbednost saobra\u0107aja na auto-putevima (NHTSA) istakla je da bi senzori te\u017eine suvoza\u010devog sedi\u0161ta, koji bi trebalo da budu zamenjeni, mogli da puknu i dovedu do kratkog spoja, nakon \u010dega [&hellip;]<\/p>\n","protected":false},"author":3,"featured_media":0,"comment_status":"","ping_status":"","sticky":false,"template":"","format":"standard","meta":{"wpai_generated_summary":"","footnotes":""},"categories":[368,369],"tags":[538,44491,14515,44492,568,32786],"class_list":["post-29146","post","type-post","status-publish","format-standard","hentry","category-vesti-amerika","category-vesti","tag-amerika","tag-honda","tag-kvar","tag-povlacenje-vozila","tag-sad","tag-vozila"],"_links":{"self":[{"href":"https:\/\/chicagodesavanja.us\/en\/wp-json\/wp\/v2\/posts\/29146","targetHints":{"allow":["GET"]}}],"collection":[{"href":"https:\/\/chicagodesavanja.us\/en\/wp-json\/wp\/v2\/posts"}],"about":[{"href":"https:\/\/chicagodesavanja.us\/en\/wp-json\/wp\/v2\/types\/post"}],"author":[{"embeddable":true,"href":"https:\/\/chicagodesavanja.us\/en\/wp-json\/wp\/v2\/users\/3"}],"replies":[{"embeddable":true,"href":"https:\/\/chicagodesavanja.us\/en\/wp-json\/wp\/v2\/comments?post=29146"}],"version-history":[{"count":0,"href":"https:\/\/chicagodesavanja.us\/en\/wp-json\/wp\/v2\/posts\/29146\/revisions"}],"wp:attachment":[{"href":"https:\/\/chicagodesavanja.us\/en\/wp-json\/wp\/v2\/media?parent=29146"}],"wp:term":[{"taxonomy":"category","embeddable":true,"href":"https:\/\/chicagodesavanja.us\/en\/wp-json\/wp\/v2\/categories?post=29146"},{"taxonomy":"post_tag","embeddable":true,"href":"https:\/\/chicagodesavanja.us\/en\/wp-json\/wp\/v2\/tags?post=29146"}],"curies":[{"name":"WP","href":"https:\/\/api.w.org\/{rel}","templated":true}]}}