{"id":28822,"date":"2024-03-11T12:39:26","date_gmt":"2024-03-11T12:39:26","guid":{"rendered":"https:\/\/chicagodesavanja.us\/optuznica-protiv-menendeza-za-ometanje-pravde-americki-senator-se-pred-sudom-izjasnio-da-nije-kriv\/"},"modified":"2024-03-11T12:39:26","modified_gmt":"2024-03-11T12:39:26","slug":"optuznica-protiv-menendeza-za-ometanje-pravde-americki-senator-se-pred-sudom-izjasnio-da-nije-kriv","status":"publish","type":"post","link":"https:\/\/chicagodesavanja.us\/en\/vesti\/optuznica-protiv-menendeza-za-ometanje-pravde-americki-senator-se-pred-sudom-izjasnio-da-nije-kriv\/","title":{"rendered":"Optu\u017enica protiv Menendeza za ometanje pravde: Ameri\u010dki senator se pred sudom izjasnio da nije kriv"},"content":{"rendered":"<p class=\"wp-block-paragraph\">Ameri\u010dki senator Bob Menendez izjasnio se pred sudom na Menhetnu kao nevin po optu\u017enici za ometanje pravde.<\/p>\n\n\n\n<p class=\"wp-block-paragraph\">Optu\u017enica je ranije zvani\u010dno podignuta, a pored toga, tu\u017eila\u0161tvo ga tereti i za primanje mita i zloupotrebu uticaja.<\/p>\n\n\n\n<p class=\"wp-block-paragraph\">Posle hap\u0161enja pro\u0161le jeseni, Menendez (70), demokrata iz dr\u017eave Nju D\u017eerzi, bio je primoran da se odrekne predsedavanja Spoljnopoliti\u010dkim odborom Senata.<\/p>\n\n\n\n<p class=\"wp-block-paragraph\">On je tako\u0111e rekao da ne\u0107e podneti ostavku kao senator.<\/p>\n\n\n\n<p class=\"wp-block-paragraph\" style=\"font-size:10px\">SOURCE: <a href=\"https:\/\/www.euronews.rs\/svet\/fokus\/117127\/optuznica-protiv-menendeza-za-ometanje-pravde-americki-senatar-se-pred-sudom-izjasnio-da-nije-kriv\/vest\" target=\"_blank\" rel=\"noopener\">EURONEWS<\/a> PHOTO: YOUTUBE SCREENSHOT <\/p>","protected":false},"excerpt":{"rendered":"<p>Ameri\u010dki senator Bob Menendez izjasnio se pred sudom na Menhetnu kao nevin po optu\u017enici za ometanje pravde. Optu\u017enica je ranije zvani\u010dno podignuta, a pored toga, tu\u017eila\u0161tvo ga tereti i za primanje mita i zloupotrebu uticaja. Posle hap\u0161enja pro\u0161le jeseni, Menendez (70), demokrata iz dr\u017eave Nju D\u017eerzi, bio je primoran da se odrekne predsedavanja Spoljnopoliti\u010dkim odborom [&hellip;]<\/p>\n","protected":false},"author":3,"featured_media":0,"comment_status":"","ping_status":"","sticky":false,"template":"","format":"standard","meta":{"footnotes":""},"categories":[368,369],"tags":[538,44158,38912,13978,568,41007],"class_list":["post-28822","post","type-post","status-publish","format-standard","hentry","category-vesti-amerika","category-vesti","tag-amerika","tag-menendez","tag-menhetn","tag-optuznica","tag-sad","tag-senator"],"_links":{"self":[{"href":"https:\/\/chicagodesavanja.us\/en\/wp-json\/wp\/v2\/posts\/28822","targetHints":{"allow":["GET"]}}],"collection":[{"href":"https:\/\/chicagodesavanja.us\/en\/wp-json\/wp\/v2\/posts"}],"about":[{"href":"https:\/\/chicagodesavanja.us\/en\/wp-json\/wp\/v2\/types\/post"}],"author":[{"embeddable":true,"href":"https:\/\/chicagodesavanja.us\/en\/wp-json\/wp\/v2\/users\/3"}],"replies":[{"embeddable":true,"href":"https:\/\/chicagodesavanja.us\/en\/wp-json\/wp\/v2\/comments?post=28822"}],"version-history":[{"count":0,"href":"https:\/\/chicagodesavanja.us\/en\/wp-json\/wp\/v2\/posts\/28822\/revisions"}],"wp:attachment":[{"href":"https:\/\/chicagodesavanja.us\/en\/wp-json\/wp\/v2\/media?parent=28822"}],"wp:term":[{"taxonomy":"category","embeddable":true,"href":"https:\/\/chicagodesavanja.us\/en\/wp-json\/wp\/v2\/categories?post=28822"},{"taxonomy":"post_tag","embeddable":true,"href":"https:\/\/chicagodesavanja.us\/en\/wp-json\/wp\/v2\/tags?post=28822"}],"curies":[{"name":"WP","href":"https:\/\/api.w.org\/{rel}","templated":true}]}}