{"id":28801,"date":"2024-03-13T05:22:57","date_gmt":"2024-03-13T05:22:57","guid":{"rendered":"https:\/\/chicagodesavanja.us\/zgrada-illinois-capitol-zatvorena\/"},"modified":"2024-03-13T05:22:57","modified_gmt":"2024-03-13T05:22:57","slug":"zgrada-illinois-capitol-zatvorena","status":"publish","type":"post","link":"https:\/\/chicagodesavanja.us\/en\/vesti\/zgrada-illinois-capitol-zatvorena\/","title":{"rendered":"Illinois Capitol zatvoren zbog pretnje (VIDEO)"},"content":{"rendered":"<p class=\"wp-block-paragraph\">Prema saop\u0161tenju za \u0161tampu zgrada Illinois Capitol-a je zatvorena u utorak 12. marta u popodnevnim satima. Zgrada je zatvorena nakon \u0161to je policija primila obave\u0161tenje o pretnji, rekao je dr\u017eavni sekretar Alexi Giannoulias.<\/p>\n\n\n\n<p class=\"wp-block-paragraph\">Prema saop\u0161tenju zgrada je bila zatvorena otprilike sat vremena. U kratkoj izjavi Alexi Giannoulias je rekao da su pripadnici policije obave\u0161teni o pretnji koja je uklju\u010divala i Illinois Capitol.<\/p>\n\n\n\n<p class=\"wp-block-paragraph\"><\/p>\n\n\n\n<figure class=\"wp-block-embed is-type-video is-provider-youtube wp-block-embed-youtube wp-embed-aspect-16-9 wp-has-aspect-ratio\"><div class=\"wp-block-embed__wrapper\">\n<iframe loading=\"lazy\" title=\"IL State Capitol lockdown lifted after police determine no danger\" width=\"500\" height=\"281\" src=\"https:\/\/www.youtube.com\/embed\/IYrisuLNwO0?feature=oembed\" frameborder=\"0\" allow=\"accelerometer; autoplay; clipboard-write; encrypted-media; gyroscope; picture-in-picture; web-share\" referrerpolicy=\"strict-origin-when-cross-origin\" allowfullscreen><\/iframe>\n<\/div><\/figure>\n\n\n\n<p class=\"wp-block-paragraph\"><\/p>\n\n\n\n<p class=\"wp-block-paragraph\">Giannoulias je naveo da je policija proverila zgradu nakon zatvaranja, te da je nakon provere zgrada otvorena. Za sada nije poznato na \u0161ta se upu\u0107ena pretnja odnosila.<\/p>\n\n\n\n<p class=\"wp-block-paragraph\">Trenutno nema dodatnih dostupnih informacija u ovom slu\u010daju, istraga jo\u0161 uvek traje.<\/p>\n\n\n\n<p class=\"wp-block-paragraph\"><\/p>\n\n\n\n<figure class=\"wp-block-embed is-type-rich is-provider-twitter wp-block-embed-twitter\"><div class=\"wp-block-embed__wrapper\">\n<blockquote class=\"twitter-tweet\" data-width=\"500\" data-dnt=\"true\"><p lang=\"en\" dir=\"ltr\"><a href=\"https:\/\/x.com\/hashtag\/Update?src=hash&amp;ref_src=twsrc%5Etfw\">#Update<\/a>: All-clear! <a href=\"https:\/\/t.co\/ujpRESocTW\">https:\/\/t.co\/ujpRESocTW<\/a><\/p>&mdash; BlueRoomStream (@BlueRoomStream) <a href=\"https:\/\/x.com\/BlueRoomStream\/status\/1767642196939837616?ref_src=twsrc%5Etfw\">March 12, 2024<\/a><\/blockquote><script async src=\"https:\/\/platform.x.com\/widgets.js\" charset=\"utf-8\"><\/script>\n<\/div><\/figure>\n\n\n\n<p class=\"wp-block-paragraph\"><\/p>\n\n\n\n<p class=\"wp-block-paragraph\" style=\"font-size:10px\">SOURCE:<a href=\"https:\/\/www.nbcchicago.com\/news\/local\/illinois-capitol-lockdown-threat-police-sweep-building\/3380738\/\" target=\"_blank\" rel=\"noopener\"> NBC CHICAGO<\/a> | PHOTO: YOUTUBE<\/p>","protected":false},"excerpt":{"rendered":"<p>Prema saop\u0161tenju za \u0161tampu zgrada Illinois Capitol-a je zatvorena u utorak 12. marta u popodnevnim satima. Zgrada je zatvorena nakon \u0161to je policija primila obave\u0161tenje o pretnji, rekao je dr\u017eavni sekretar Alexi Giannoulias. Prema saop\u0161tenju zgrada je bila zatvorena otprilike sat vremena. U kratkoj izjavi Alexi Giannoulias je rekao da su pripadnici policije obave\u0161teni o [&hellip;]<\/p>\n","protected":false},"author":3,"featured_media":0,"comment_status":"","ping_status":"","sticky":false,"template":"","format":"standard","meta":{"footnotes":""},"categories":[368,653,369],"tags":[538,457,370,41865,37446,44136,1197,5286,568,13772,28832,44137],"class_list":["post-28801","post","type-post","status-publish","format-standard","hentry","category-vesti-amerika","category-cikago","category-vesti","tag-amerika","tag-chicago","tag-cikago","tag-drzava-ilinois","tag-ilinois-i-cikago","tag-illinois-capitol","tag-policijska-istraga","tag-pretnja","tag-sad","tag-springfield","tag-zatvaranje","tag-zgrada-illinois-capitol-zatvorena"],"_links":{"self":[{"href":"https:\/\/chicagodesavanja.us\/en\/wp-json\/wp\/v2\/posts\/28801","targetHints":{"allow":["GET"]}}],"collection":[{"href":"https:\/\/chicagodesavanja.us\/en\/wp-json\/wp\/v2\/posts"}],"about":[{"href":"https:\/\/chicagodesavanja.us\/en\/wp-json\/wp\/v2\/types\/post"}],"author":[{"embeddable":true,"href":"https:\/\/chicagodesavanja.us\/en\/wp-json\/wp\/v2\/users\/3"}],"replies":[{"embeddable":true,"href":"https:\/\/chicagodesavanja.us\/en\/wp-json\/wp\/v2\/comments?post=28801"}],"version-history":[{"count":0,"href":"https:\/\/chicagodesavanja.us\/en\/wp-json\/wp\/v2\/posts\/28801\/revisions"}],"wp:attachment":[{"href":"https:\/\/chicagodesavanja.us\/en\/wp-json\/wp\/v2\/media?parent=28801"}],"wp:term":[{"taxonomy":"category","embeddable":true,"href":"https:\/\/chicagodesavanja.us\/en\/wp-json\/wp\/v2\/categories?post=28801"},{"taxonomy":"post_tag","embeddable":true,"href":"https:\/\/chicagodesavanja.us\/en\/wp-json\/wp\/v2\/tags?post=28801"}],"curies":[{"name":"WP","href":"https:\/\/api.w.org\/{rel}","templated":true}]}}