{"id":28649,"date":"2024-03-23T04:58:00","date_gmt":"2024-03-23T04:58:00","guid":{"rendered":"https:\/\/chicagodesavanja.us\/oglasila-se-bela-kuca-o-masakru-u-moskvi-ukrajina-umesana\/"},"modified":"2024-03-23T04:58:00","modified_gmt":"2024-03-23T04:58:00","slug":"oglasila-se-bela-kuca-o-masakru-u-moskvi-ukrajina-umesana","status":"publish","type":"post","link":"https:\/\/chicagodesavanja.us\/en\/vesti\/oglasila-se-bela-kuca-o-masakru-u-moskvi-ukrajina-umesana\/","title":{"rendered":"Oglasila se Bela ku\u0107a o masakru u Moskvi: Ukrajina ume\u0161ana?"},"content":{"rendered":"<p class=\"wp-block-paragraph\">U koncertnoj hali Krokus u Moskvi <a href=\"https:\/\/chicagodesavanja.us\/en\/vesti\/pucnjava-i-eksplozije-u-koncertnoj-dvorani-u-moskvi-desetine-mrtvih-i-vise-od-100-ranjenih\/\" target=\"_blank\" rel=\"noreferrer noopener\">do\u0161lo je do masovne pucnjave<\/a>, u kojoj je, prema pisanju ruskih medija, ubijeno najmanje 15, a ranjeno najmanje 50 ljudi.<\/p>\n\n\n\n<p class=\"wp-block-paragraph\">Bela ku\u0107a je izrazila sau\u010de\u0161\u0107e zbog pucnjave u Moskvi, prenosi Reuters.<\/p>\n\n\n\n<p class=\"wp-block-paragraph\">Bela ku\u0107a je ono \u0161to se dogodilo u Krokus siti holu nazvala stra\u0161nim napadom i poru\u010dila da SAD poku\u0161avaju da dobiju vi\u0161e informacija o tome.<\/p>\n\n\n\n<p class=\"wp-block-paragraph\">&#8222;U ovom trenutku nema naznaka da su Ukrajina, ili Ukrajinci, ume\u0161ani u pucnjavu. \u017delim da vas odvratim u ovom trenutku od bilo kakve povezanosti sa Ukrajinom&#8220;, rekao je Kirby novinarima u Beloj ku\u0107i.<\/p>\n\n\n\n<p class=\"wp-block-paragraph\">On je izrazio sau\u010de\u0161\u0107e porodicama \u017ertava ubijenih. &#8222;Scene su u\u017easne i te\u0161ke za gledanje, a na\u0161e misli su sa \u017ertvama ovog stravi\u010dnog napada&#8220;, rekao je on.<\/p>\n\n\n\n<p class=\"wp-block-paragraph\" style=\"font-size:10px\">IZVOR: ALO, <a href=\"https:\/\/www.b92.net\/info\/svet\/7422\/oglasila-se-bela-kuca-o-masakru-u-moskvi-ukrajina-umesana\/vest\" target=\"_blank\" rel=\"noreferrer noopener\">B92<\/a>, FOTO: UNSPLASH <\/p>","protected":false},"excerpt":{"rendered":"<p>U koncertnoj hali Krokus u Moskvi do\u0161lo je do masovne pucnjave, u kojoj je, prema pisanju ruskih medija, ubijeno najmanje 15, a ranjeno najmanje 50 ljudi. Bela ku\u0107a je izrazila sau\u010de\u0161\u0107e zbog pucnjave u Moskvi, prenosi Reuters. Bela ku\u0107a je ono \u0161to se dogodilo u Krokus siti holu nazvala stra\u0161nim napadom i poru\u010dila da SAD [&hellip;]<\/p>\n","protected":false},"author":1,"featured_media":0,"comment_status":"","ping_status":"","sticky":false,"template":"","format":"standard","meta":{"footnotes":""},"categories":[368,431,369],"tags":[2880,40239,938,22397],"class_list":["post-28649","post","type-post","status-publish","format-standard","hentry","category-vesti-amerika","category-svet","category-vesti","tag-bela-kuca","tag-masakr","tag-moskva","tag-teroristicki-napad"],"_links":{"self":[{"href":"https:\/\/chicagodesavanja.us\/en\/wp-json\/wp\/v2\/posts\/28649","targetHints":{"allow":["GET"]}}],"collection":[{"href":"https:\/\/chicagodesavanja.us\/en\/wp-json\/wp\/v2\/posts"}],"about":[{"href":"https:\/\/chicagodesavanja.us\/en\/wp-json\/wp\/v2\/types\/post"}],"author":[{"embeddable":true,"href":"https:\/\/chicagodesavanja.us\/en\/wp-json\/wp\/v2\/users\/1"}],"replies":[{"embeddable":true,"href":"https:\/\/chicagodesavanja.us\/en\/wp-json\/wp\/v2\/comments?post=28649"}],"version-history":[{"count":0,"href":"https:\/\/chicagodesavanja.us\/en\/wp-json\/wp\/v2\/posts\/28649\/revisions"}],"wp:attachment":[{"href":"https:\/\/chicagodesavanja.us\/en\/wp-json\/wp\/v2\/media?parent=28649"}],"wp:term":[{"taxonomy":"category","embeddable":true,"href":"https:\/\/chicagodesavanja.us\/en\/wp-json\/wp\/v2\/categories?post=28649"},{"taxonomy":"post_tag","embeddable":true,"href":"https:\/\/chicagodesavanja.us\/en\/wp-json\/wp\/v2\/tags?post=28649"}],"curies":[{"name":"WP","href":"https:\/\/api.w.org\/{rel}","templated":true}]}}