{"id":28589,"date":"2024-03-27T05:15:00","date_gmt":"2024-03-27T05:15:00","guid":{"rendered":"https:\/\/chicagodesavanja.us\/plus-radio-sedam-godina-sa-vama\/"},"modified":"2026-05-18T12:15:24","modified_gmt":"2026-05-18T12:15:24","slug":"plus-radio-sedam-godina-sa-vama","status":"publish","type":"post","link":"https:\/\/chicagodesavanja.us\/en\/vesti\/plus-radio-sedam-godina-sa-vama\/","title":{"rendered":"PLUS RADIO US bogatiji za dve radio stanice"},"content":{"rendered":"<p class=\"wp-block-paragraph\">Milo\u0161 \u0110or\u0111evi\u0107 iz \u010cikaga, osniva\u010d i vlasnik Plus radija ka\u017ee da je nakon \u0161est godina na medijskom nebu Amerike, bilo vreme da Plus radio postane bogatiji za jo\u0161 dve radio stanice, kako bi upotpunio ponudu i pokrio raznolika interesovanja slu\u0161alaca. \u010clanovi velike porodice Plus radija pored \u0161est postoje\u0107ih: <strong>zabavna, hit, narodna, klinci, nostalgija i 90-te<\/strong>, dobili&nbsp; su jo\u0161 dve, najnovije radio stanice &#8211; <strong>ROCK I TRENDING<\/strong>.<\/p>\n\n\n\n<p class=\"wp-block-paragraph\">Pre \u0161est godina po\u010deli smo sa dva voditelja, danas imamo veliki iskusan tim novinara i prezentera, koji ima ambiciozne planove, jer \u0107e u narednim godinama biti dodate jo\u0161 dve radio stanice, najavljuje Milo\u0161 \u0110or\u0111evi\u0107.<\/p>\n\n\n\n<figure class=\"wp-block-image size-large\"><img decoding=\"async\" src=\"https:\/\/aktuelnosti.us\/wp-content\/uploads\/2024\/03\/radio-preuzmite-app-1024x462.jpg\" alt=\"\" class=\"wp-image-162175\" \/><figcaption class=\"wp-element-caption\">Skenirajte kod i preuzmite besplatno aplikaciju sa iOS i Google marketa<\/figcaption><\/figure>\n\n\n\n<p class=\"wp-block-paragraph\"><\/p>\n\n\n\n<p class=\"wp-block-paragraph\"><em>Bogatiji ste za jo\u0161 dve radio stanice, Plus radio je sada ve\u0107 ozbiljan \u010dinilac etra u Americi?<\/em><\/p>\n\n\n\n<p class=\"wp-block-paragraph\">Plus radio prati trendove kao i interesovanja i ukus slu\u0161alaca. \u0160est godina smo na medijskom nebu Amerike. Kr\u010dili smo put ne\u010dim \u0161to nije postojalo pre Plus radija, \u0161to uklju\u010duje program u\u017eivo, tako \u0161to redovno pratimo sva de\u0161avanja, emitujemo lokalne vesti i predstavljamo ljude koji su autenti\u010dni i ostavljaju svoj pe\u010dat u na\u0161oj zajednici. Dodavanje dve nove radio stanice, Rock i Trending, logi\u010dan je sled na\u0161eg dosada\u0161njeg rada. Cilj nam je da se Trending radio stanicom pribli\u017eimo mla\u0111im generacijama, izvo\u0111a\u010dima kao \u0161to su Desingerica, Voyage, Jala i Buba, Nucci, DeVito.<\/p>\n\n\n\n<p class=\"wp-block-paragraph\">Rock stanica je za sve one koji su ljubitelji pravog dobrog rokenrola, \u010dvr\u0161\u0107eg zvuka, za entuzijaste koji se se\u0107aju i starih jugoslovenskih hitova, ali i one koji prate najnovija de\u0161avanja na rock sceni. Na na\u0161im play listama su, izme\u0111u ostalih i EKV, Disciplina ki\u010dme, Osvaja\u010di, Bajaga i Instruktori. Plus radio stanice mo\u017eete slu\u0161ati i preko vebsajta&nbsp;<a href=\"https:\/\/plusradio.us\/\" target=\"_blank\" rel=\"noopener\">plusradio.us<\/a>. &nbsp;<\/p>\n\n\n\n<p class=\"wp-block-paragraph\"><\/p>\n\n\n\n<figure class=\"wp-block-image size-large\"><img decoding=\"async\" src=\"https:\/\/aktuelnosti.us\/wp-content\/uploads\/2024\/03\/radio-2-slike-u-jednoj-1002x1024.jpg\" alt=\"\" class=\"wp-image-162174\" \/><\/figure>\n\n\n\n<p class=\"wp-block-paragraph\"><\/p>\n\n\n\n<p class=\"wp-block-paragraph\"><em>Kako je sve po\u010delo?<\/em><\/p>\n\n\n\n<p class=\"wp-block-paragraph\">Ideja za <a href=\"https:\/\/sr.wikipedia.org\/sr-el\/%D0%9F%D0%BB%D1%83%D1%81_%D1%80%D0%B0%D0%B4%D0%B8%D0%BE\" target=\"_blank\" rel=\"noopener\">Plus Radio <\/a>je krenula iz nedostatka medija koji bi bio prisutan svakog dana i dostupan 24 sata. 13. marta 2017. godine sa Lazarom i Mi\u0161kom \u010dulo se prvo uklju\u010denje, na\u0161 prvi pozdrav u etru. Danas imamo tim od petnaestak ljudi, poznate voditelje, novinare, redakciju uz koje na\u0161a publika provodi dan. Nakon osnivanja sajta <a href=\"https:\/\/chicagodesavanja.us\/en\/\">\u010cikago de\u0161avanja<\/a>, koji je nastao, sada ve\u0107 davne 2008. Plus radio je bio samo prelivanje pisanog dela u govorni, i neposredan kontakt sa publikom. Ideja nam je i bila da ljudi koji \u017eive u Americi imaju informacije u realnom vremenu, koje prate doga\u0111aje. Da imamo program koji odgovara na\u010dinu \u017eivljenja, tu gde jesmo. Takav radio do tada nije postojao. \u010cini se da skoro nema peva\u010da koji nije bio na\u0161 gost. Ali predstavljamo i zanimljive ljude iz Amerike, koji nisu poznati, a mogu da budu primer mladima, ostavljaju trag tu gde \u017eive, obja\u0161njava Milo\u0161 \u0110or\u0111evi\u0107.<\/p>\n\n\n\n<figure class=\"wp-block-embed is-type-video is-provider-youtube wp-block-embed-youtube wp-embed-aspect-16-9 wp-has-aspect-ratio\"><div class=\"wp-block-embed__wrapper\">\n<iframe loading=\"lazy\" title=\"PROMO - Plus Radio - Vasa pozitiva. Uskoro u vasem gradu!\" width=\"500\" height=\"281\" src=\"https:\/\/www.youtube.com\/embed\/4z6443RCzCk?feature=oembed\" frameborder=\"0\" allow=\"accelerometer; autoplay; clipboard-write; encrypted-media; gyroscope; picture-in-picture; web-share\" referrerpolicy=\"strict-origin-when-cross-origin\" allowfullscreen><\/iframe>\n<\/div><figcaption class=\"wp-element-caption\">Najava za po\u010detak emitovanja programa Plus Radija \u2013 13. mart 2017.<\/figcaption><\/figure>\n\n\n\n<p class=\"wp-block-paragraph\"><\/p>\n\n\n\n<p class=\"wp-block-paragraph\"><em>Od prvih koraka ste specifi\u010dni?<\/em><\/p>\n\n\n\n<p class=\"wp-block-paragraph\">Krenuli smo sa jednom stanicom, i par uklju\u010denja dnevno, ubrzo smo dodali jo\u0161 dve, tri, sada nakon \u0161est godina imamo ponosi broj osam, i aplikacije dostupne u celoj Americi. Na\u0161i slu\u0161aoci na aplikaciji( IOS \u2013 link i android) pored osam stanica imaju i opciju <strong>Jukebox<\/strong> &#8211; mogu\u0107nost da sami dodaju svoju omiljenu pesmu na radiju i da je \u010duju u\u017eivo u programu, a pored toga pratimo de\u0161avanja u celoj Americi, imamo izvo\u0111a\u010de, imamo besplatne oglase. Pozitivno jutro sa Mi\u0161kom Petrovi\u0107em je izvrstan izbor za po\u010detak dana, od 7 do 9 sati. a Milena se pridru\u017euje od 10 do 14 sati. Marijana je sa vama od 16 h do 18 h, a nedeljom je uvek uz slu\u0161aoce Nina.<\/p>\n\n\n\n<p class=\"wp-block-paragraph\"><em>Koji su Vam planovi za budu\u0107nost?<\/em><\/p>\n\n\n\n<p class=\"wp-block-paragraph\">Plan je da u bliskoj budu\u0107nosti dodamo jo\u0161 par radio stanica i da uvek pratimo muzi\u010dke i tehnolo\u0161ke novine. Da podsetimo, na Zabavnoj stanici mo\u017eete na\u0107i aktuelne hitove pop i rock, kao i stare ex Yu hitove, zatim HIT, na kojoj emitujemo najve\u0107e hitove narodne muzike, kako novitete, tako i starije pesme, Nostalgija predstavlja legendarne peva\u010da poput Gabi Novak, Dragana Stojni\u0107a, Arsena Dedi\u0107a. Narodna emituje muziku peva\u010dkih legendi kao \u0161to su Tozovac, Miroslav, \u0160aban \u0160auli\u0107, Toma Zdravkovi\u0107, Silvana Armenuli\u0107. Po\u0161to su deca ukras sveta, tako\u0111e za njih imamo stanicu za klince, 24 sata muzike, program je na srpskom jeziku, tu predstavljamo izvo\u0111a\u010de poput Branka Kockice, Minje Subote, Dragana Lakovi\u0107a, do najnovijih izvo\u0111a\u010da i IDJ video za klince.<\/p>\n\n\n\n<figure class=\"wp-block-image size-large\"><img decoding=\"async\" src=\"https:\/\/chicagodesavanja.us\/wp-content\/uploads\/2024\/03\/radio-profilna-1-1024x512.jpg\" alt=\"Plus radio\" class=\"wp-image-18406\" \/><figcaption class=\"wp-element-caption\">Pored \u0161est postoje\u0107ih: zabavna, hit, narodna, klinci, nostalgija i 90-te, Plus radio bogatiji je za dve nove stanice &#8211; ROCK I TRENDING<\/figcaption><\/figure>\n\n\n\n<p class=\"wp-block-paragraph\"><em>Recite nam ne\u0161to vi\u0161e o aplikaciji?<\/em><\/p>\n\n\n\n<p class=\"wp-block-paragraph\">Trudimo se da uvek idemo u korak sa vremenom i da imamo aktuelne tehnolo\u0161ke i vizuelne novine, izdvojio bih funkciju na aplikaciji koja omogu\u0107ava slu\u0161aocima da pri ulasku u automobile i bluetooth konekciji ne moraju vaditi telefon iz ta\u0161ne ili iz d\u017eepova, ve\u0107, ako ste slu\u0161ali Plus radio i stavili aplikaciju u pozadini, ona \u0107e se automatski pokrenuti pri konekciji sa va\u0161im radijom u kolima. Tako\u0111e mislili smo i na bezbednost na\u0161ih slu\u0161alaca, tako da mogu menjati stanice bez dodira svog telefona, mogu koristiti tastere za prethodnu ili narednu pesmu, na volanu ili na samom radiju. Aplikacija se mo\u017ee preuzeti besplatno za <a href=\"https:\/\/apps.apple.com\/us\/app\/plus-radio-us\/id1214082046\" target=\"_blank\" rel=\"noopener\">IOS<\/a> i <a href=\"https:\/\/play.google.com\/store\/apps\/details?id=us.plusradio.plusradio\" target=\"_blank\" rel=\"noopener\">android<\/a> ure\u0111aje. Pratimo sva de\u0161avanja u Americi po dr\u017eavama, imamo <a href=\"https:\/\/plusradio.us\/oglasi\" target=\"_blank\" rel=\"noopener\">besplatne oglase<\/a>, imamo <a href=\"https:\/\/plusradio.us\/galerija\" target=\"_blank\" rel=\"noopener\">foto galerije<\/a>,  rubriku <a href=\"https:\/\/plusradio.us\/izvodjaci\" target=\"_blank\" rel=\"noopener\">Izvo\u0111a\u010di<\/a> sa preko 160 izvo\u0111a\u010da. Tako\u0111e bih pomenuo da su stanice bez reklama i sa 24 \u010dasa muzike; Rock, Klinci, Trending i Nostalgija.<\/p>\n\n\n\n<p class=\"wp-block-paragraph\"><em>Nakon uspe\u0161nog rada portala <a href=\"https:\/\/chicagodesavanja.us\/en\/\">\u010cikago de\u0161avanja<\/a>, kako se upu\u0161tate u avanturu otvaranja <a href=\"https:\/\/www.youtube.com\/@plusradious\" target=\"_blank\" rel=\"noopener\">Plus radija<\/a>?<\/em><\/p>\n\n\n\n<p class=\"wp-block-paragraph\">Moj tim i ja smo pratili potrebe tr\u017ei\u0161ta, ali tako\u0111e i deo nostalgije koji ve\u0107ina ljudi nosi sa sobom, osetili smo potrebu da nam je trebalo ne\u0161to \u0161to bi nam pru\u017eilo neki ose\u0107aj pripadnosti. To u Americi nije postojalo. Sa programom u\u017eivo tokom celog dana, 24 sata muzike, sa informacijama i vestima, tako da smo poku\u0161ali da na taj na\u010din malo umirimo nostalgiju. Kao profesionalni muzi\u010dar dobro poznajem na\u0161u muziku i sve \u017eanrove, \u0161ta ljudi vole, tako da mi je bilo lako da odaberemo, sa svojim saradnicima, i grupi\u0161emo sve te pesme u razli\u010dite radio stanice.&nbsp;<\/p>\n\n\n\n<p class=\"wp-block-paragraph\"><em>Kada se osvrnete, kakva Vas se\u0107anja vezuju za sam po\u010detak &nbsp;Plus radija?<\/em><\/p>\n\n\n\n<p class=\"wp-block-paragraph\">Kada smo radili pilot emisiju, vozio sam se kroz \u010cikago i slu\u0161ao Plus radio, i kada se Mi\u0161ko uklju\u010dio prvi put u program, i najavio svirku te ve\u010deri u jednom od na\u0161ih restorana, iskreno, naje\u017eio sam se i imao osmeh na licu. U tom trenutku sam odjednom osetio pripadnost tu gde jesam, gde \u017eivim, da dobijem informaciju o lokalnom de\u0161avanju. Ljudi koji nas slu\u0161aju od po\u010detka mogu da prepoznaju na\u0161 rad i inovacije iz godine u godinu. Kao nagradu, dobili smo veliki broj klijenata koji se reklamiraju, i slu\u0161aoce koji su puni re\u010di hvale, i naravno sugestija, isti\u010de Milo\u0161 \u0110or\u0111evi\u0107.<\/p>\n\n\n\n<p class=\"wp-block-paragraph\">Ako niste, preuzmite aplikaciju na<a href=\"https:\/\/play.google.com\/store\/apps\/details?id=us.plusradio.plusradio\" target=\"_blank\" rel=\"noreferrer noopener\">&nbsp;Google play<\/a>&nbsp;i&nbsp;<a href=\"https:\/\/apps.apple.com\/us\/app\/plus-radio-us\/id1214082046\" target=\"_blank\" rel=\"noreferrer noopener\">App store&nbsp;<\/a>prodavnicama potpuno besplatno ili slu\u0161ajte Plus radio putem <a href=\"http:\/\/plusradio.us\" target=\"_blank\" rel=\"noopener\">veb sajta<\/a>, i o\u010dekujte nove i korisne stvari od tima Plus radija i u 2024. godini!<\/p>\n\n\n\n<p class=\"wp-block-paragraph\">Za sve informacije mo\u017eete pisati na mejl&nbsp;<a href=\"mailto:marketing@pluradio.us\">marketing@pluradio.us<\/a>.<\/p>\n\n\n\n<p class=\"wp-block-paragraph\" style=\"font-size:10px\">PI\u0160E: SNE\u017dANA LAZI\u0106 I FOTO: PLUS RADIO<\/p>","protected":false},"excerpt":{"rendered":"<p>Milo\u0161 \u0110or\u0111evi\u0107 iz \u010cikaga, osniva\u010d i vlasnik Plus radija ka\u017ee da je nakon \u0161est godina na medijskom nebu Amerike, bilo vreme da Plus radio postane bogatiji za jo\u0161 dve radio stanice, kako bi upotpunio ponudu i pokrio raznolika interesovanja slu\u0161alaca. \u010clanovi velike porodice Plus radija pored \u0161est postoje\u0107ih: zabavna, hit, narodna, klinci, nostalgija i 90-te, [&hellip;]<\/p>\n","protected":false},"author":3,"featured_media":18084,"comment_status":"closed","ping_status":"","sticky":false,"template":"","format":"standard","meta":{"footnotes":""},"categories":[368,653,599],"tags":[43936,43937,1890,43938,43939,43940,43941,43942,43943,43944,43945,43946],"class_list":["post-28589","post","type-post","status-publish","format-standard","has-post-thumbnail","hentry","category-vesti-amerika","category-cikago","category-predstavljamo","tag-devedesete","tag-hit","tag-klinci","tag-miroslav-petrovic-misko","tag-nostalgija","tag-plus-radio","tag-plus-radio-7-godina","tag-plus-radio-us","tag-plus-radio-vasa-pozitiva","tag-rock","tag-trending","tag-zabavna"],"_links":{"self":[{"href":"https:\/\/chicagodesavanja.us\/en\/wp-json\/wp\/v2\/posts\/28589","targetHints":{"allow":["GET"]}}],"collection":[{"href":"https:\/\/chicagodesavanja.us\/en\/wp-json\/wp\/v2\/posts"}],"about":[{"href":"https:\/\/chicagodesavanja.us\/en\/wp-json\/wp\/v2\/types\/post"}],"author":[{"embeddable":true,"href":"https:\/\/chicagodesavanja.us\/en\/wp-json\/wp\/v2\/users\/3"}],"replies":[{"embeddable":true,"href":"https:\/\/chicagodesavanja.us\/en\/wp-json\/wp\/v2\/comments?post=28589"}],"version-history":[{"count":1,"href":"https:\/\/chicagodesavanja.us\/en\/wp-json\/wp\/v2\/posts\/28589\/revisions"}],"predecessor-version":[{"id":28590,"href":"https:\/\/chicagodesavanja.us\/en\/wp-json\/wp\/v2\/posts\/28589\/revisions\/28590"}],"wp:featuredmedia":[{"embeddable":true,"href":"https:\/\/chicagodesavanja.us\/en\/wp-json\/wp\/v2\/media\/18084"}],"wp:attachment":[{"href":"https:\/\/chicagodesavanja.us\/en\/wp-json\/wp\/v2\/media?parent=28589"}],"wp:term":[{"taxonomy":"category","embeddable":true,"href":"https:\/\/chicagodesavanja.us\/en\/wp-json\/wp\/v2\/categories?post=28589"},{"taxonomy":"post_tag","embeddable":true,"href":"https:\/\/chicagodesavanja.us\/en\/wp-json\/wp\/v2\/tags?post=28589"}],"curies":[{"name":"WP","href":"https:\/\/api.w.org\/{rel}","templated":true}]}}