{"id":28230,"date":"2024-04-19T04:36:58","date_gmt":"2024-04-19T04:36:58","guid":{"rendered":"https:\/\/chicagodesavanja.us\/musk-najavio-finansiranje-kampanje-za-prikupljanje-podrske-slobodi-govora\/"},"modified":"2024-04-19T04:36:58","modified_gmt":"2024-04-19T04:36:58","slug":"musk-najavio-finansiranje-kampanje-za-prikupljanje-podrske-slobodi-govora","status":"publish","type":"post","link":"https:\/\/chicagodesavanja.us\/en\/vesti\/musk-najavio-finansiranje-kampanje-za-prikupljanje-podrske-slobodi-govora\/","title":{"rendered":"Musk najavio finansiranje kampanje za prikupljanje podr\u0161ke slobodi govora"},"content":{"rendered":"<p class=\"wp-block-paragraph\">Ameri\u010dki milijarder Elon Musk izjavio je da \u0107e finansirati nacionalnu kampanju za prikupljanje potpisa za odbranu slobode govora.<\/p>\n\n\n\n<p class=\"wp-block-paragraph\">&#8222;S obzirom na teku\u0107e napade na slobodu govora, finansira\u0107u nacionalnu kampanju za prikupljanje potpisa za podr\u0161ku Prvom amandmanu (koji garantuje slobodu govora)&#8220;, napisao je Musk na dru\u0161tvenoj mre\u017ei X.<\/p>\n\n\n\n<figure class=\"wp-block-embed is-type-rich is-provider-twitter wp-block-embed-twitter\"><div class=\"wp-block-embed__wrapper\">\n<blockquote class=\"twitter-tweet\" data-width=\"500\" data-dnt=\"true\"><p lang=\"en\" dir=\"ltr\">Given the relentless attacks on free speech, I am going to fund a national signature campaign in support of the First Amendment<\/p>\u2014 Elon Musk (@elonmusk) <a href=\"https:\/\/x.com\/elonmusk\/status\/1781002178708082904?ref_src=twsrc%5Etfw\">April 18, 2024<\/a><\/blockquote><script async src=\"https:\/\/platform.x.com\/widgets.js\" charset=\"utf-8\"><\/script>\n<\/div><\/figure>\n\n\n\n<p class=\"wp-block-paragraph\">Musk je ocenio da \u0107e biti poja\u010dana cenzura u Sjedinjenim Ameri\u010dkim Dr\u017eavama ako dru\u0161tvena mre\u017ea TikTok bude zabranjena u toj zemlji.<\/p>\n\n\n\n<p class=\"wp-block-paragraph\">On je naveo da strahuje da \u0107e ameri\u010dki predsednik Joe Biden imati mo\u0107 da zabrani ne samo aplikacije, ve\u0107 i veb stranice.<\/p>\n\n\n\n<p class=\"wp-block-paragraph\" style=\"font-size:10px\">SOURCE: <a href=\"https:\/\/www.euronews.rs\/svet\/fokus\/121140\/mask-najavio-finansiranje-kampanje-za-prikupljanje-podrske-slobodi-govora\/vest\" target=\"_blank\" rel=\"noopener\">EURONEWS<\/a> PHOTO: YOUTUBE SCREENSHOT <\/p>","protected":false},"excerpt":{"rendered":"<p>Ameri\u010dki milijarder Elon Musk izjavio je da \u0107e finansirati nacionalnu kampanju za prikupljanje potpisa za odbranu slobode govora. &#8222;S obzirom na teku\u0107e napade na slobodu govora, finansira\u0107u nacionalnu kampanju za prikupljanje potpisa za podr\u0161ku Prvom amandmanu (koji garantuje slobodu govora)&#8220;, napisao je Musk na dru\u0161tvenoj mre\u017ei X. Musk je ocenio da \u0107e biti poja\u010dana cenzura [&hellip;]<\/p>\n","protected":false},"author":3,"featured_media":0,"comment_status":"","ping_status":"","sticky":false,"template":"","format":"standard","meta":{"wpai_generated_summary":"","footnotes":""},"categories":[368,369],"tags":[538,1742,12194,23160,568],"class_list":["post-28230","post","type-post","status-publish","format-standard","hentry","category-vesti-amerika","category-vesti","tag-amerika","tag-finansiranje","tag-kampanja","tag-musk","tag-sad"],"_links":{"self":[{"href":"https:\/\/chicagodesavanja.us\/en\/wp-json\/wp\/v2\/posts\/28230","targetHints":{"allow":["GET"]}}],"collection":[{"href":"https:\/\/chicagodesavanja.us\/en\/wp-json\/wp\/v2\/posts"}],"about":[{"href":"https:\/\/chicagodesavanja.us\/en\/wp-json\/wp\/v2\/types\/post"}],"author":[{"embeddable":true,"href":"https:\/\/chicagodesavanja.us\/en\/wp-json\/wp\/v2\/users\/3"}],"replies":[{"embeddable":true,"href":"https:\/\/chicagodesavanja.us\/en\/wp-json\/wp\/v2\/comments?post=28230"}],"version-history":[{"count":0,"href":"https:\/\/chicagodesavanja.us\/en\/wp-json\/wp\/v2\/posts\/28230\/revisions"}],"wp:attachment":[{"href":"https:\/\/chicagodesavanja.us\/en\/wp-json\/wp\/v2\/media?parent=28230"}],"wp:term":[{"taxonomy":"category","embeddable":true,"href":"https:\/\/chicagodesavanja.us\/en\/wp-json\/wp\/v2\/categories?post=28230"},{"taxonomy":"post_tag","embeddable":true,"href":"https:\/\/chicagodesavanja.us\/en\/wp-json\/wp\/v2\/tags?post=28230"}],"curies":[{"name":"WP","href":"https:\/\/api.w.org\/{rel}","templated":true}]}}