{"id":27842,"date":"2024-05-13T04:50:00","date_gmt":"2024-05-13T04:50:00","guid":{"rendered":"https:\/\/chicagodesavanja.us\/siljanovska-preuzela-funkciju-predsednika-od-pendarovskog\/"},"modified":"2024-05-13T04:50:00","modified_gmt":"2024-05-13T04:50:00","slug":"siljanovska-preuzela-funkciju-predsednika-od-pendarovskog","status":"publish","type":"post","link":"https:\/\/chicagodesavanja.us\/en\/vesti\/siljanovska-preuzela-funkciju-predsednika-od-pendarovskog\/","title":{"rendered":"Siljanovska preuzela funkciju predsednika od Pendarovskog"},"content":{"rendered":"<p class=\"wp-block-paragraph\">Novoizabrana predsednica Severne Makedonije Gordana Siljanovska Davkova preuzela je funkciju predsednika dr\u017eave od Steve Pendarovskog.<\/p>\n\n\n\n<p class=\"wp-block-paragraph\">Siljanovska je u Kabinetu predsednika Severne Makedonije preuzela funkciju predsednika na zvani\u010dnoj ceremoniji uz najvi\u0161e dr\u017eavne i vojne po\u010dasti, prenosi makedonski Pulsinfo. Siljanovska i Pendarovski su posle imali sastanak tet-a-tet.<\/p>\n\n\n\n<p class=\"wp-block-paragraph\">Ona je svoj govor posvetila \u017eenama zbog kojih je, prema njenim re\u010dima, odlu\u010dila da se kandiduje. Novoizabrana predsednica Severne Makedonije je univerzitetska profesorka na Pravnom fakultetu u Skoplju na predmetu &#8222;Ustavno pravo i politi\u010dki sistemi&#8220;.<\/p>\n\n\n\n<p class=\"wp-block-paragraph\">Siljanovska \u0107e biti \u0161esti predsednik Severne Makedonije i prva \u017eena izabrana na ovu funkciju. Ona je ranije polo\u017eila sve\u010danu zakletvu \u010dime je stupila na du\u017enost, a tom prilikom, kako prenose skopski mediji, nije izgovorila re\u010d &#8222;Severna&#8220; koja je sastavni deo ustavnog naziva te dr\u017eave. Ambasadorka Gr\u010dke je nakon toga napustila Sobranje u znak protesta, a usledila je i reakcija Ministarstva spoljnih poslova Gr\u010dke, prenose gr\u010dki mediji.<\/p>\n\n\n\n<p class=\"wp-block-paragraph\">Ministarstvo spoljnih poslova Gr\u010dke ocenilo je da je prilikom polaganja zakletve predsednice Severne Makedonije Gordane Siljanovske Davkove koja nije izgovorila puno ime dr\u017eave, ve\u0107 samo re\u010d &#8222;Makedonija&#8220;, do\u0161lo do flagrantnog kr\u0161enja Prespanskog sporazuma od kojeg, kako upozorava, zavise i bilateralni odnosi Atine i Skoplja.<\/p>\n\n\n\n<p class=\"wp-block-paragraph\" style=\"font-size:10px\">IZVOR: TANJUG, <a href=\"https:\/\/www.b92.net\/info\/svet\/21530\/siljanovska-preuzela-funkciju-predsednika-od-pendarovskog\/vest\" target=\"_blank\" rel=\"noreferrer noopener\">B92<\/a>: FOTO: UNSPLASH<\/p>","protected":false},"excerpt":{"rendered":"<p>Novoizabrana predsednica Severne Makedonije Gordana Siljanovska Davkova preuzela je funkciju predsednika dr\u017eave od Steve Pendarovskog. Siljanovska je u Kabinetu predsednika Severne Makedonije preuzela funkciju predsednika na zvani\u010dnoj ceremoniji uz najvi\u0161e dr\u017eavne i vojne po\u010dasti, prenosi makedonski Pulsinfo. Siljanovska i Pendarovski su posle imali sastanak tet-a-tet. Ona je svoj govor posvetila \u017eenama zbog kojih je, prema [&hellip;]<\/p>\n","protected":false},"author":1,"featured_media":0,"comment_status":"","ping_status":"","sticky":false,"template":"","format":"standard","meta":{"footnotes":""},"categories":[431,369],"tags":[43170,42807,14203,43171],"class_list":["post-27842","post","type-post","status-publish","format-standard","hentry","category-svet","category-vesti","tag-funkcija","tag-predsednica","tag-severna-makedonija","tag-siljanovska"],"_links":{"self":[{"href":"https:\/\/chicagodesavanja.us\/en\/wp-json\/wp\/v2\/posts\/27842","targetHints":{"allow":["GET"]}}],"collection":[{"href":"https:\/\/chicagodesavanja.us\/en\/wp-json\/wp\/v2\/posts"}],"about":[{"href":"https:\/\/chicagodesavanja.us\/en\/wp-json\/wp\/v2\/types\/post"}],"author":[{"embeddable":true,"href":"https:\/\/chicagodesavanja.us\/en\/wp-json\/wp\/v2\/users\/1"}],"replies":[{"embeddable":true,"href":"https:\/\/chicagodesavanja.us\/en\/wp-json\/wp\/v2\/comments?post=27842"}],"version-history":[{"count":0,"href":"https:\/\/chicagodesavanja.us\/en\/wp-json\/wp\/v2\/posts\/27842\/revisions"}],"wp:attachment":[{"href":"https:\/\/chicagodesavanja.us\/en\/wp-json\/wp\/v2\/media?parent=27842"}],"wp:term":[{"taxonomy":"category","embeddable":true,"href":"https:\/\/chicagodesavanja.us\/en\/wp-json\/wp\/v2\/categories?post=27842"},{"taxonomy":"post_tag","embeddable":true,"href":"https:\/\/chicagodesavanja.us\/en\/wp-json\/wp\/v2\/tags?post=27842"}],"curies":[{"name":"WP","href":"https:\/\/api.w.org\/{rel}","templated":true}]}}