{"id":27620,"date":"2024-05-27T05:17:00","date_gmt":"2024-05-27T05:17:00","guid":{"rendered":"https:\/\/chicagodesavanja.us\/protest-u-madridu-desetine-hiljada-protiv-zakona-o-amnestiji-katalonskih-separatista\/"},"modified":"2024-05-27T05:17:00","modified_gmt":"2024-05-27T05:17:00","slug":"protest-u-madridu-desetine-hiljada-protiv-zakona-o-amnestiji-katalonskih-separatista","status":"publish","type":"post","link":"https:\/\/chicagodesavanja.us\/en\/vesti\/protest-u-madridu-desetine-hiljada-protiv-zakona-o-amnestiji-katalonskih-separatista\/","title":{"rendered":"Protest u Madridu: Desetine hiljada protiv zakona o amnestiji katalonskih separatista"},"content":{"rendered":"<p class=\"wp-block-paragraph\">Nekoliko desetina hiljada ljudi protestovalo je u centru Madrida zbog zakona o amnestiji katalonskih separatista, koji treba da bude odobren 30. maja.<\/p>\n\n\n\n<figure class=\"wp-block-embed is-type-rich is-provider-twitter wp-block-embed-twitter\"><div class=\"wp-block-embed__wrapper\">\n<blockquote class=\"twitter-tweet\" data-width=\"500\" data-dnt=\"true\"><p lang=\"en\" dir=\"ltr\">\u2757\ufe0fHundreds of thousands of people are protesting in <a href=\"https:\/\/x.com\/hashtag\/Madrid?src=hash&amp;ref_src=twsrc%5Etfw\">#Madrid<\/a> against Prime Minister Pedro <a href=\"https:\/\/x.com\/hashtag\/Sanchez?src=hash&amp;ref_src=twsrc%5Etfw\">#Sanchez<\/a>&#39;s decision to grant amnesty to <a href=\"https:\/\/x.com\/hashtag\/Catalan?src=hash&amp;ref_src=twsrc%5Etfw\">#Catalan<\/a> separatists as part of a coalition agreement signed to form his new government.<a href=\"https:\/\/x.com\/hashtag\/Spain?src=hash&amp;ref_src=twsrc%5Etfw\">#Spain<\/a> <a href=\"https:\/\/x.com\/hashtag\/SpainNews?src=hash&amp;ref_src=twsrc%5Etfw\">#SpainNews<\/a> <a href=\"https:\/\/x.com\/hashtag\/protest?src=hash&amp;ref_src=twsrc%5Etfw\">#protest<\/a> <a href=\"https:\/\/x.com\/hashtag\/protests?src=hash&amp;ref_src=twsrc%5Etfw\">#protests<\/a> <a href=\"https:\/\/t.co\/o851qigQiX\">pic.twitter.com\/o851qigQiX<\/a><\/p>&mdash; Noapte de Noapte (@NoaptedeNoapte) <a href=\"https:\/\/x.com\/NoaptedeNoapte\/status\/1725904532587040826?ref_src=twsrc%5Etfw\">November 18, 2023<\/a><\/blockquote><script async src=\"https:\/\/platform.x.com\/widgets.js\" charset=\"utf-8\"><\/script>\n<\/div><\/figure>\n\n\n\n<p class=\"wp-block-paragraph\">\u201eTra\u017eim da se povu\u010de ova amnestija\u201c, rekao je lider desnice Alberto Nunjes Feiho, koji je organizovao protest na kojem je u\u010destvovalo oko 20.000 ljudi, prema proceni policije.<\/p>\n\n\n\n<p class=\"wp-block-paragraph\">Feiho je na skupu na kojem su bili biv\u0161i konzervativni premijeri Hoze Marija Asnar i Marijano Rahoj rekao da \u0160panija nije na prodaju i dodao da je \u0160panija pravna dr\u017eava u kojoj su svi gra\u0111ani jednaki pred zakonom.<\/p>\n\n\n\n<p class=\"wp-block-paragraph\">Okupljeni su pozvali na ostavku socijalisti\u010dkog premijera Pedra San\u010desa.<\/p>\n\n\n\n<p class=\"wp-block-paragraph\">Posle parlamentarnih izbora u julu 2023. godine, dve separatisti\u010dke stranke u Kataloniji izborile su se za amnestiju za svoje aktiviste, ume\u0161ane u neuspeli poku\u0161aj secesije regiona 2017. godine. Cenu za to je bila njihova podr\u0161ka socijalisti San\u010desu da se vrati na vlast, \u0161to je on i prihvatio.<\/p>\n\n\n\n<p class=\"wp-block-paragraph\">\u0160panski Kongres sasta\u0107e se 30. maja da bi definitivno odobrio taj zakon o amnestij, koji je odobren 14. marta u prvom \u010ditanju u parlamentu.<\/p>\n\n\n\n<p class=\"wp-block-paragraph\">Ta amnestija bi mogla da bude od koristi biv\u0161em separatisti\u010dkom predsedniku vlade Katalonije Karlesu Pu\u0107demonu koji je posle neuspelog poku\u0161aja secesije Katalonije, pobegao u Belgiju i tako izbegao krivi\u010dno gonjenje.<\/p>\n\n\n\n<p class=\"wp-block-paragraph\"><\/p>\n\n\n\n<p class=\"wp-block-paragraph\" style=\"font-size:10px\">SOURCE: <a href=\"https:\/\/n1info.rs\/svet\/protest-u-madridu-desetine-hiljada-protiv-zakona-o-amnestiji-katalonskih-separatista\/\" target=\"_blank\" rel=\"noopener\">N1<\/a> PHOTO: SCREENSHOT<\/p>","protected":false},"excerpt":{"rendered":"<p>Nekoliko desetina hiljada ljudi protestovalo je u centru Madrida zbog zakona o amnestiji katalonskih separatista, koji treba da bude odobren 30. maja. \u201eTra\u017eim da se povu\u010de ova amnestija\u201c, rekao je lider desnice Alberto Nunjes Feiho, koji je organizovao protest na kojem je u\u010destvovalo oko 20.000 ljudi, prema proceni policije. Feiho je na skupu na kojem [&hellip;]<\/p>\n","protected":false},"author":4,"featured_media":0,"comment_status":"","ping_status":"","sticky":false,"template":"","format":"standard","meta":{"wpai_generated_summary":"","footnotes":""},"categories":[431,369],"tags":[2101,803,42929,4091],"class_list":["post-27620","post","type-post","status-publish","format-standard","hentry","category-svet","category-vesti","tag-madrid","tag-protesti","tag-separatisti","tag-spanija"],"_links":{"self":[{"href":"https:\/\/chicagodesavanja.us\/en\/wp-json\/wp\/v2\/posts\/27620","targetHints":{"allow":["GET"]}}],"collection":[{"href":"https:\/\/chicagodesavanja.us\/en\/wp-json\/wp\/v2\/posts"}],"about":[{"href":"https:\/\/chicagodesavanja.us\/en\/wp-json\/wp\/v2\/types\/post"}],"author":[{"embeddable":true,"href":"https:\/\/chicagodesavanja.us\/en\/wp-json\/wp\/v2\/users\/4"}],"replies":[{"embeddable":true,"href":"https:\/\/chicagodesavanja.us\/en\/wp-json\/wp\/v2\/comments?post=27620"}],"version-history":[{"count":0,"href":"https:\/\/chicagodesavanja.us\/en\/wp-json\/wp\/v2\/posts\/27620\/revisions"}],"wp:attachment":[{"href":"https:\/\/chicagodesavanja.us\/en\/wp-json\/wp\/v2\/media?parent=27620"}],"wp:term":[{"taxonomy":"category","embeddable":true,"href":"https:\/\/chicagodesavanja.us\/en\/wp-json\/wp\/v2\/categories?post=27620"},{"taxonomy":"post_tag","embeddable":true,"href":"https:\/\/chicagodesavanja.us\/en\/wp-json\/wp\/v2\/tags?post=27620"}],"curies":[{"name":"WP","href":"https:\/\/api.w.org\/{rel}","templated":true}]}}