{"id":27595,"date":"2024-05-28T12:52:54","date_gmt":"2024-05-28T12:52:54","guid":{"rendered":"https:\/\/chicagodesavanja.us\/tinejdzer-u-americi-pao-sa-mosta-visine-od-120-metara-i-prosao-samo-sa-ogrebotinama\/"},"modified":"2024-05-28T12:52:54","modified_gmt":"2024-05-28T12:52:54","slug":"tinejdzer-u-americi-pao-sa-mosta-visine-od-120-metara-i-prosao-samo-sa-ogrebotinama","status":"publish","type":"post","link":"https:\/\/chicagodesavanja.us\/en\/vesti\/tinejdzer-u-americi-pao-sa-mosta-visine-od-120-metara-i-prosao-samo-sa-ogrebotinama\/","title":{"rendered":"Tinejd\u017eer u Americi pao sa mosta visine od 120 metara i pro\u0161ao samo sa ogrebotinama"},"content":{"rendered":"<p class=\"wp-block-paragraph\">Tinejd\u017eer koji je pao sa mosta u kanjon dubok 120 metara pre\u017eiveo je i pro\u0161ao samo sa lak\u0161im povredama, saop\u0161teno je iz kancelarije \u0161erifa okruga Mejson u ameri\u010dkoj saveznoj dr\u017eavi Va\u0161ington.<\/p>\n\n\n\n<p class=\"wp-block-paragraph\">Tinejd\u017eer (19) je \u0161etao du\u017e biv\u0161e staze ispod velikog \u010deli\u010dnog mosta, jednog od najvi\u0161ih \u017eelezni\u010dkih mostova u SAD, kada je pao u ambis, preneo je NBC News.<\/p>\n\n\n\n<p class=\"wp-block-paragraph\">\u201eRekli smo ljudima da se ne pribli\u017eavaju tim stazama jer su opasne, ali ljudi, ili ne vide znake upozorenja, ili ih zanemaruju\u201d, rekao je policajac Tim Rip.<\/p>\n\n\n\n<p class=\"wp-block-paragraph\">Vlasti nisu objavile ime tinejd\u017eera koji je zadobio samo ogrebotine na rukama i preba\u010den je u obli\u017enju bolnicu na procenu zdravstvenog stanja.<\/p>\n\n\n\n<p class=\"wp-block-paragraph\">Rip navodi da pet do sedam ljudi padne sa mosta svake godine i da ve\u0107ina pogine, iako je ta oblast puna znakova upozorenja.<\/p>\n\n\n\n<p class=\"wp-block-paragraph\">Tokom dvo\u010dasovne misije spasavanja, zamenici \u0161erifa i vatrogasci su iskoristili konopac da izvuku mladi\u0107a, prenosi Tanjug.<\/p>\n\n\n\n<p class=\"wp-block-paragraph\" style=\"font-size:10px\">SOURCE: <a href=\"https:\/\/www.politika.rs\/sr\/clanak\/616765\/Tinejdzer-u-Americi-pao-sa-mosta-visine-od-120-metara-i-prosao-samo-sa-ogrebotinama\" target=\"_blank\" rel=\"noopener\">Politics<\/a> PHOTO: PIXABAY<\/p>","protected":false},"excerpt":{"rendered":"<p>Tinejd\u017eer koji je pao sa mosta u kanjon dubok 120 metara pre\u017eiveo je i pro\u0161ao samo sa lak\u0161im povredama, saop\u0161teno je iz kancelarije \u0161erifa okruga Mejson u ameri\u010dkoj saveznoj dr\u017eavi Va\u0161ington. Tinejd\u017eer (19) je \u0161etao du\u017e biv\u0161e staze ispod velikog \u010deli\u010dnog mosta, jednog od najvi\u0161ih \u017eelezni\u010dkih mostova u SAD, kada je pao u ambis, preneo [&hellip;]<\/p>\n","protected":false},"author":3,"featured_media":0,"comment_status":"","ping_status":"","sticky":false,"template":"","format":"standard","meta":{"wpai_generated_summary":"","footnotes":""},"categories":[368,369],"tags":[538,30080,42897,568,36034],"class_list":["post-27595","post","type-post","status-publish","format-standard","hentry","category-vesti-amerika","category-vesti","tag-amerika","tag-most","tag-pao-sa-visine","tag-sad","tag-tinejdzer"],"_links":{"self":[{"href":"https:\/\/chicagodesavanja.us\/en\/wp-json\/wp\/v2\/posts\/27595","targetHints":{"allow":["GET"]}}],"collection":[{"href":"https:\/\/chicagodesavanja.us\/en\/wp-json\/wp\/v2\/posts"}],"about":[{"href":"https:\/\/chicagodesavanja.us\/en\/wp-json\/wp\/v2\/types\/post"}],"author":[{"embeddable":true,"href":"https:\/\/chicagodesavanja.us\/en\/wp-json\/wp\/v2\/users\/3"}],"replies":[{"embeddable":true,"href":"https:\/\/chicagodesavanja.us\/en\/wp-json\/wp\/v2\/comments?post=27595"}],"version-history":[{"count":0,"href":"https:\/\/chicagodesavanja.us\/en\/wp-json\/wp\/v2\/posts\/27595\/revisions"}],"wp:attachment":[{"href":"https:\/\/chicagodesavanja.us\/en\/wp-json\/wp\/v2\/media?parent=27595"}],"wp:term":[{"taxonomy":"category","embeddable":true,"href":"https:\/\/chicagodesavanja.us\/en\/wp-json\/wp\/v2\/categories?post=27595"},{"taxonomy":"post_tag","embeddable":true,"href":"https:\/\/chicagodesavanja.us\/en\/wp-json\/wp\/v2\/tags?post=27595"}],"curies":[{"name":"WP","href":"https:\/\/api.w.org\/{rel}","templated":true}]}}