{"id":27514,"date":"2024-06-03T04:16:38","date_gmt":"2024-06-03T04:16:38","guid":{"rendered":"https:\/\/chicagodesavanja.us\/u-nemackoj-proglaseno-stanje-katastrofe-zbog-poplava-ugrozeno-85-hiljada-stanovnika\/"},"modified":"2024-06-03T04:16:38","modified_gmt":"2024-06-03T04:16:38","slug":"u-nemackoj-proglaseno-stanje-katastrofe-zbog-poplava-ugrozeno-85-hiljada-stanovnika","status":"publish","type":"post","link":"https:\/\/chicagodesavanja.us\/en\/vesti\/u-nemackoj-proglaseno-stanje-katastrofe-zbog-poplava-ugrozeno-85-hiljada-stanovnika\/","title":{"rendered":"U Nema\u010dkoj progla\u0161eno stanje katastrofe: Zbog poplava ugro\u017eeno 85 hiljada stanovnika"},"content":{"rendered":"<p class=\"wp-block-paragraph\">Okrug Pfafenhofen je samo jedan od jedanaest okruga u Bavarskoj koji su progla\u0161eni za stanje katastrofe zbog nezapam\u0107enih poplava u toj oblasti, a oko 85 hiljada stanovnika je ugro\u017eeno.<\/p>\n\n\n\n<figure class=\"wp-block-embed is-type-rich is-provider-twitter wp-block-embed-twitter\"><div class=\"wp-block-embed__wrapper\">\n<blockquote class=\"twitter-tweet\" data-width=\"500\" data-dnt=\"true\"><p lang=\"en\" dir=\"ltr\">Bavarian state premier Markus Soeder says <a href=\"https:\/\/x.com\/hashtag\/floods?src=hash&amp;ref_src=twsrc%5Etfw\">#floods<\/a> that hit southern <a href=\"https:\/\/x.com\/hashtag\/Germany?src=hash&amp;ref_src=twsrc%5Etfw\">#Germany<\/a> have caused &quot;enormous&quot; damage. A state of emergency has been declared in several districts, and severe weather warnings have been issued in over 10 districts. <a href=\"https:\/\/x.com\/hashtag\/PlanetMatters?src=hash&amp;ref_src=twsrc%5Etfw\">#PlanetMatters<\/a> <a href=\"https:\/\/t.co\/6rIIBu1r4c\">pic.twitter.com\/6rIIBu1r4c<\/a><\/p>&mdash; CGTN Global Watch (@GlobalWatchCGTN) <a href=\"https:\/\/x.com\/GlobalWatchCGTN\/status\/1797161224360145362?ref_src=twsrc%5Etfw\">June 2, 2024<\/a><\/blockquote><script async src=\"https:\/\/platform.x.com\/widgets.js\" charset=\"utf-8\"><\/script>\n<\/div><\/figure>\n\n\n\n<p class=\"wp-block-paragraph\">Kako prenose nema\u010dki mediji,&nbsp;<strong><a href=\"https:\/\/n1info.hr\/svijet\/foto-video-stanje-katastrofe-u-njemackoj-pukle-dvije-brane-oko-85-000-ljudi-ugrozeno-od-poplava\/\" target=\"_blank\" rel=\"noreferrer noopener\">javlja N1 Zagreb<\/a><\/strong>, u okrugu Pfafenhofen u su pukle dve brane, a u poplavi se udavio 42-godi\u0161nji vatrogasac.<\/p>\n\n\n\n<p class=\"wp-block-paragraph\">Vatrogasac je bio u gumenom \u010damcu sa jo\u0161 trojicom spasilaca kada se brod prevrnuo u bavarskom gradu Pfafenhofen na Ilmu, oko 40 kilometara severno od Minhena. Njegovo telo prona\u0111eno je u nedelju ujutro, saop\u0161tile su lokalne vlasti.<\/p>\n\n\n\n<p class=\"wp-block-paragraph\">Kako pi\u0161e Bajeri\u0161er (Baierischer) Rundfunk, oko 85.000 od ukupno 130.000 stanovnika tog okruga je \u201eu akutnoj vanrednoj situaciji\u201c.<\/p>\n\n\n\n<p class=\"wp-block-paragraph\">Prema BILD-u, stotine, ako ne i hiljade ljudi je moralo biti evakuisano ili dobrovoljno napustilo svoje domove.<\/p>\n\n\n\n<p class=\"wp-block-paragraph\">\u201eSolidarnost u okrugu je ogromna. Oko 5.000 ljudi, uklju\u010duju\u0107i mnoge volontere, poma\u017ee potrebitima\u201c, rekao je portparol okruga Pfafenhofen.<\/p>\n\n\n\n<p class=\"wp-block-paragraph\">Sajt tog bavarskog okruga je pao zbog prevelikog saobra\u0107aja na toj stranici na kojoj ljudi tra\u017ee informacije o situaciji na terenu,&nbsp;pi\u0161e Feniks.<\/p>\n\n\n\n<p class=\"wp-block-paragraph\">Zbog upada vode u trafostanicu u Rajhertshofenu postoji mogu\u0107nost kratkotrajnog prekida u isporuci elektri\u010dne energije i prestanka rada mobilne mre\u017ee.<\/p>\n\n\n\n<p class=\"wp-block-paragraph\">U delovima ju\u017ene Nema\u010dke palo je vi\u0161e ki\u0161e za 24 sata nego tokom celog meseca, saop\u0161tila je nema\u010dka meteorolo\u0161ka slu\u017eba DVD.<\/p>\n\n\n\n<p class=\"wp-block-paragraph\">Posebno je visok rizik od grmljavine na brdima \u0161vapske Jure ju\u017eno od \u0160tutgarta i oko Augsburga, Nirnberga, Bamberga i Regenzburga u nedelju.<\/p>\n\n\n\n<p class=\"wp-block-paragraph\">Bavarski premijer Markus Soder i nema\u010dki ministar ekonomije Robert Habek (Habeck) zajedno su posetili poplavljeno podru\u010dje. Predstavnici vatrogasnih jedinica obavestili su predstavnike nadle\u017enih o poplavama koje su zabele\u017eene na ovom podru\u010dju.<\/p>\n\n\n\n<p class=\"wp-block-paragraph\">Premijer Soder je rekao da je skoro 40.000 vojnika raspore\u0111eno \u0161irom Bavarske i dodao da o\u010dekuje \u201efinansijsku i kadrovsku\u201c pomo\u0107 savezne vlade.<\/p>\n\n\n\n<p class=\"wp-block-paragraph\"><\/p>\n\n\n\n<p class=\"wp-block-paragraph\" style=\"font-size:10px\">SOURCE: <a href=\"https:\/\/n1info.rs\/svet\/u-nemackoj-proglaseno-stanje-katastrofe-zbog-poplava-85-hiljada-stanovnika-ugrozeno\/\" target=\"_blank\" rel=\"noopener\">N1<\/a> FOTO: PRINTSCREEN<\/p>","protected":false},"excerpt":{"rendered":"<p>Okrug Pfafenhofen je samo jedan od jedanaest okruga u Bavarskoj koji su progla\u0161eni za stanje katastrofe zbog nezapam\u0107enih poplava u toj oblasti, a oko 85 hiljada stanovnika je ugro\u017eeno. Kako prenose nema\u010dki mediji,&nbsp;javlja N1 Zagreb, u okrugu Pfafenhofen u su pukle dve brane, a u poplavi se udavio 42-godi\u0161nji vatrogasac. Vatrogasac je bio u gumenom [&hellip;]<\/p>\n","protected":false},"author":4,"featured_media":0,"comment_status":"","ping_status":"","sticky":false,"template":"","format":"standard","meta":{"wpai_generated_summary":"","footnotes":""},"categories":[431,369],"tags":[42806,535,1451],"class_list":["post-27514","post","type-post","status-publish","format-standard","hentry","category-svet","category-vesti","tag-bavarska","tag-nemacka","tag-poplave"],"_links":{"self":[{"href":"https:\/\/chicagodesavanja.us\/en\/wp-json\/wp\/v2\/posts\/27514","targetHints":{"allow":["GET"]}}],"collection":[{"href":"https:\/\/chicagodesavanja.us\/en\/wp-json\/wp\/v2\/posts"}],"about":[{"href":"https:\/\/chicagodesavanja.us\/en\/wp-json\/wp\/v2\/types\/post"}],"author":[{"embeddable":true,"href":"https:\/\/chicagodesavanja.us\/en\/wp-json\/wp\/v2\/users\/4"}],"replies":[{"embeddable":true,"href":"https:\/\/chicagodesavanja.us\/en\/wp-json\/wp\/v2\/comments?post=27514"}],"version-history":[{"count":0,"href":"https:\/\/chicagodesavanja.us\/en\/wp-json\/wp\/v2\/posts\/27514\/revisions"}],"wp:attachment":[{"href":"https:\/\/chicagodesavanja.us\/en\/wp-json\/wp\/v2\/media?parent=27514"}],"wp:term":[{"taxonomy":"category","embeddable":true,"href":"https:\/\/chicagodesavanja.us\/en\/wp-json\/wp\/v2\/categories?post=27514"},{"taxonomy":"post_tag","embeddable":true,"href":"https:\/\/chicagodesavanja.us\/en\/wp-json\/wp\/v2\/tags?post=27514"}],"curies":[{"name":"WP","href":"https:\/\/api.w.org\/{rel}","templated":true}]}}