{"id":27502,"date":"2024-06-03T13:08:19","date_gmt":"2024-06-03T13:08:19","guid":{"rendered":"https:\/\/chicagodesavanja.us\/pocelo-sudjenje-sinu-predsednika-sad-preti-mu-25-godina-zatvora-zbog-nezakonitog-posedovanja-oruzja\/"},"modified":"2024-06-03T13:08:19","modified_gmt":"2024-06-03T13:08:19","slug":"pocelo-sudjenje-sinu-predsednika-sad-preti-mu-25-godina-zatvora-zbog-nezakonitog-posedovanja-oruzja","status":"publish","type":"post","link":"https:\/\/chicagodesavanja.us\/en\/vesti\/pocelo-sudjenje-sinu-predsednika-sad-preti-mu-25-godina-zatvora-zbog-nezakonitog-posedovanja-oruzja\/","title":{"rendered":"Po\u010delo su\u0111enje sinu predsednika SAD: Preti mu 25 godina zatvora zbog nezakonitog posedovanja oru\u017eja"},"content":{"rendered":"<p class=\"wp-block-paragraph\">U federalnom sudu u Delaveru po\u010delo je su\u0111enje sinu ameri\u010dkog predsednika Hunter Biden-u, koga optu\u017enica tereti za nezakonito posedovanje oru\u017eja.<\/p>\n\n\n\n<p class=\"wp-block-paragraph\">To je prvo su\u0111enje detetu aktuelnog predsednika u ameri\u010dkoj istoriji, a Biden je optu\u017een za tri krivi\u010dna dela zbog kupovine i posedovanja revolvera 2018. godinje, u vreme kada je bio zavisnik od ilegalnih narkotika.<\/p>\n\n\n\n<p class=\"wp-block-paragraph\">Protiv njega je u Kaliforniji podignuta jo\u0161 jedna federalna krivi\u010dna optu\u017enica za utaju poreza, objavio je Rojters.<\/p>\n\n\n\n<p class=\"wp-block-paragraph\">Su\u0111enje Biden-ovom sinu omogu\u0107i\u0107e republikancima da skrenu pa\u017enju sa pravnih problema biv\u0161eg predsednika Donald Trump-a, kome bi kazna trebalo da bude izre\u010dena 11. jula.<\/p>\n\n\n\n<p class=\"wp-block-paragraph\">Specijalni tu\u017eilac David Vice pro\u0161log septembra je optu\u017eio Biden-a da je lagao o upotrebi nelegalnih narkotika kada je kupio revolver i da je nelegalno posedovao oru\u017eje 11 dana u oktobru 2018. godine.<\/p>\n\n\n\n<p class=\"wp-block-paragraph\">Vice, koji vodi istragu o Hanteru od 2019. godine, protiv njega je podigao optu\u017enicu i zbog nepla\u0107anja poreza, prenosi Glas Amerike.<\/p>\n\n\n\n<p class=\"wp-block-paragraph\">Ako bude progla\u0161en krivim po svim optu\u017ebama u slu\u010daju u Delaveru, Biden-ovom sinu preti kazna do 25 godina zatvora.<\/p>\n\n\n\n<p class=\"wp-block-paragraph\">O\u010dekuje se da su\u0111enje traje do kraja naredne nedelja, a svih 12 porotnika moraju da donesu jednoglasnu odluku da Biden-a proglase krivim ili da ga oslobode optu\u017ebi.<\/p>\n\n\n\n<p class=\"wp-block-paragraph\" style=\"font-size:10px\">SOURCE: <a href=\"https:\/\/www.euronews.rs\/svet\/fokus\/125660\/pocelo-sudenje-hanteru-bajdenu-sinu-predsednika-sad-preti-25-godina-zatvora-zbog-nezakonitog-posedovanja-oruzja\/vest\" target=\"_blank\" rel=\"noopener\">EURONEWS<\/a> PHOTO: YOUTUBE SCREENSHOT<\/p>","protected":false},"excerpt":{"rendered":"<p>U federalnom sudu u Delaveru po\u010delo je su\u0111enje sinu ameri\u010dkog predsednika Hunter Biden-u, koga optu\u017enica tereti za nezakonito posedovanje oru\u017eja. To je prvo su\u0111enje detetu aktuelnog predsednika u ameri\u010dkoj istoriji, a Biden je optu\u017een za tri krivi\u010dna dela zbog kupovine i posedovanja revolvera 2018. godinje, u vreme kada je bio zavisnik od ilegalnih narkotika. Protiv [&hellip;]<\/p>\n","protected":false},"author":3,"featured_media":0,"comment_status":"","ping_status":"","sticky":false,"template":"","format":"standard","meta":{"wpai_generated_summary":"","footnotes":""},"categories":[368,369],"tags":[538,17239,37390,540,568,6590,543],"class_list":["post-27502","post","type-post","status-publish","format-standard","hentry","category-vesti-amerika","category-vesti","tag-amerika","tag-biden","tag-hunter-biden","tag-kazna","tag-sad","tag-sudjenje","tag-zatvor"],"_links":{"self":[{"href":"https:\/\/chicagodesavanja.us\/en\/wp-json\/wp\/v2\/posts\/27502","targetHints":{"allow":["GET"]}}],"collection":[{"href":"https:\/\/chicagodesavanja.us\/en\/wp-json\/wp\/v2\/posts"}],"about":[{"href":"https:\/\/chicagodesavanja.us\/en\/wp-json\/wp\/v2\/types\/post"}],"author":[{"embeddable":true,"href":"https:\/\/chicagodesavanja.us\/en\/wp-json\/wp\/v2\/users\/3"}],"replies":[{"embeddable":true,"href":"https:\/\/chicagodesavanja.us\/en\/wp-json\/wp\/v2\/comments?post=27502"}],"version-history":[{"count":0,"href":"https:\/\/chicagodesavanja.us\/en\/wp-json\/wp\/v2\/posts\/27502\/revisions"}],"wp:attachment":[{"href":"https:\/\/chicagodesavanja.us\/en\/wp-json\/wp\/v2\/media?parent=27502"}],"wp:term":[{"taxonomy":"category","embeddable":true,"href":"https:\/\/chicagodesavanja.us\/en\/wp-json\/wp\/v2\/categories?post=27502"},{"taxonomy":"post_tag","embeddable":true,"href":"https:\/\/chicagodesavanja.us\/en\/wp-json\/wp\/v2\/tags?post=27502"}],"curies":[{"name":"WP","href":"https:\/\/api.w.org\/{rel}","templated":true}]}}