{"id":27236,"date":"2024-06-21T04:46:00","date_gmt":"2024-06-21T04:46:00","guid":{"rendered":"https:\/\/chicagodesavanja.us\/mark-rute-novi-generalni-sekretar-nato\/"},"modified":"2024-06-21T04:46:00","modified_gmt":"2024-06-21T04:46:00","slug":"mark-rute-novi-generalni-sekretar-nato","status":"publish","type":"post","link":"https:\/\/chicagodesavanja.us\/en\/vesti\/mark-rute-novi-generalni-sekretar-nato\/","title":{"rendered":"Mark Rute novi generalni sekretar NATO"},"content":{"rendered":"<p class=\"wp-block-paragraph\">Odlaze\u0107i holandski premijer Mark Rute bi\u0107e slede\u0107i generalni sekretar NATO, nakon \u0161to su se sve 32 \u010dlanice alijanse slo\u017eile da on nasledi Jensa Stoltenberga, pi\u0161e Politiko.<\/p>\n\n\n\n<p class=\"wp-block-paragraph\">Nakon podr\u0161ke ode Ma\u0111arske i Slova\u010dke u utorak 18. juna, Rumunija je potvrdila da \u0107e glasati za Rutea, nakon \u0161to je rumunski predsednik Klaus Johanis povukao svoju kandidaturu za \u0161efa NATO.<\/p>\n\n\n\n<p class=\"wp-block-paragraph\">Tokom sastanka Vrhovnog saveta nacionalne odbrane, Johanis je kazao da je obavestio NATO saveznike o povla\u010denju svoje kandidature.<\/p>\n\n\n\n<p class=\"wp-block-paragraph\">Rute dolazi, kako navodi&nbsp;<a href=\"https:\/\/www.politico.eu\/article\/mark-rutte-will-be-natos-next-secretary-general\/\" target=\"_blank\" rel=\"noreferrer noopener\">Politiko<\/a>, na \u010delo NATO u kriti\u010dnim vremenima.<\/p>\n\n\n\n<p class=\"wp-block-paragraph\">Du\u017enost \u0107e preuzeti 2. oktobra, samo mesec dana pre ameri\u010dkih izbora, koji \u0107e oblikovati sudbinu ove vojne alijanse koja slu\u017ei kao najuspe\u0161nija brana Isto\u010dne Evrope od agresije Rusije, ocenjuje Politiko.<\/p>\n\n\n\n<p class=\"wp-block-paragraph\">Biv\u0161i ameri\u010dki predsednik i sada\u0161nji kandidat republikanaca za predsedni\u010dke izbore Donald Tramp obe\u0107ao je da \u0107e ostati u NATO, ali je zapretio da \u0107e ukinuti ameri\u010dku pomo\u0107 Ukrajini ako bude reizabran.<\/p>\n\n\n\n<p class=\"wp-block-paragraph\">Rute je od pro\u0161log novembra bio u kampanji za novog \u0161efa NATO i slovio je za favorita.<\/p>\n\n\n\n<p class=\"wp-block-paragraph\"><\/p>\n\n\n\n<p class=\"wp-block-paragraph\" style=\"font-size:10px\">SOURCE: <a href=\"https:\/\/n1info.rs\/svet\/mark-rute-novi-generalni-sekretar-nato\/\" target=\"_blank\" rel=\"noopener\">N1<\/a> PHOTO: SCREENSHOT<\/p>","protected":false},"excerpt":{"rendered":"<p>Odlaze\u0107i holandski premijer Mark Rute bi\u0107e slede\u0107i generalni sekretar NATO, nakon \u0161to su se sve 32 \u010dlanice alijanse slo\u017eile da on nasledi Jensa Stoltenberga, pi\u0161e Politiko. Nakon podr\u0161ke ode Ma\u0111arske i Slova\u010dke u utorak 18. juna, Rumunija je potvrdila da \u0107e glasati za Rutea, nakon \u0161to je rumunski predsednik Klaus Johanis povukao svoju kandidaturu za [&hellip;]<\/p>\n","protected":false},"author":4,"featured_media":0,"comment_status":"","ping_status":"","sticky":false,"template":"","format":"standard","meta":{"footnotes":""},"categories":[431,369],"tags":[42487,38904],"class_list":["post-27236","post","type-post","status-publish","format-standard","hentry","category-svet","category-vesti","tag-generalni-sekretar","tag-nato-alijansa"],"_links":{"self":[{"href":"https:\/\/chicagodesavanja.us\/en\/wp-json\/wp\/v2\/posts\/27236","targetHints":{"allow":["GET"]}}],"collection":[{"href":"https:\/\/chicagodesavanja.us\/en\/wp-json\/wp\/v2\/posts"}],"about":[{"href":"https:\/\/chicagodesavanja.us\/en\/wp-json\/wp\/v2\/types\/post"}],"author":[{"embeddable":true,"href":"https:\/\/chicagodesavanja.us\/en\/wp-json\/wp\/v2\/users\/4"}],"replies":[{"embeddable":true,"href":"https:\/\/chicagodesavanja.us\/en\/wp-json\/wp\/v2\/comments?post=27236"}],"version-history":[{"count":0,"href":"https:\/\/chicagodesavanja.us\/en\/wp-json\/wp\/v2\/posts\/27236\/revisions"}],"wp:attachment":[{"href":"https:\/\/chicagodesavanja.us\/en\/wp-json\/wp\/v2\/media?parent=27236"}],"wp:term":[{"taxonomy":"category","embeddable":true,"href":"https:\/\/chicagodesavanja.us\/en\/wp-json\/wp\/v2\/categories?post=27236"},{"taxonomy":"post_tag","embeddable":true,"href":"https:\/\/chicagodesavanja.us\/en\/wp-json\/wp\/v2\/tags?post=27236"}],"curies":[{"name":"WP","href":"https:\/\/api.w.org\/{rel}","templated":true}]}}