{"id":27197,"date":"2024-06-24T04:57:05","date_gmt":"2024-06-24T04:57:05","guid":{"rendered":"https:\/\/chicagodesavanja.us\/napadac-na-muza-nancy-pelosi-proglasen-krivim-i-na-sudu-drzave-kalifornije\/"},"modified":"2024-06-24T04:57:05","modified_gmt":"2024-06-24T04:57:05","slug":"napadac-na-muza-nancy-pelosi-proglasen-krivim-i-na-sudu-drzave-kalifornije","status":"publish","type":"post","link":"https:\/\/chicagodesavanja.us\/en\/vesti\/napadac-na-muza-nancy-pelosi-proglasen-krivim-i-na-sudu-drzave-kalifornije\/","title":{"rendered":"Napada\u010d na mu\u017ea Nancy Pelosi progla\u0161en krivim i na sudu dr\u017eave Kalifornije"},"content":{"rendered":"<p class=\"wp-block-paragraph\">Nakon \u0161to je pro\u0161le godine osu\u0111en na federalnom sudu, desni\u010darski teoreti\u010dar zavere koji je \u010deki\u0107em napao supruga biv\u0161e predsedavaju\u0107e Predstavni\u010dkog doma ameri\u010dkog Kongresa, demokratu Nancy Pelosi, progla\u0161en je krivim i na dr\u017eavnom sudu Kalifornije za niz optu\u017ebi, preneli su ameri\u010dki mediji.<\/p>\n\n\n\n<p class=\"wp-block-paragraph\">Porota u Kaliforniji osudila je Dejvida Depapea za otmicu, provalu, ograni\u010davanje slobode kretanja, pretnje \u010dlanu porodice javnog slu\u017ebenika i zastra\u0161ivanje svedoka, prenosi Rojiters.<\/p>\n\n\n\n<p class=\"wp-block-paragraph\">Osu\u0111uju\u0107a presuda na dr\u017eavnom sudu Kalifornije mogla bi Depapeu da produ\u017ei zatvorsku kaznu iako je u maju bio osu\u0111en na 30 godina zatvora zbog poku\u0161aja otmice i napada na \u010dlana porodice federalnog slu\u017ebenika.<\/p>\n\n\n\n<p class=\"wp-block-paragraph\">Depape (44) provalio je u ku\u0107u Pelosi-jevih u San Francisku i udario Paul Pelosi-ja \u010deki\u0107em u ranim jutarnjim satima 28. oktobra 2022. godine, dok je Nancy Pelosi jo\u0161 bila na polo\u017eaju predsedavaju\u0107e Predstavni\u010dkog doma ameri\u010dkog Kongresa.<\/p>\n\n\n\n<p class=\"wp-block-paragraph\">Dr\u017eavne optu\u017ebe protiv Depapea potencijalno nose mogu\u0107u kaznu do\u017eivotnog zatvora.<\/p>\n\n\n\n<p class=\"wp-block-paragraph\" style=\"font-size:10px\">SOURCE: <a href=\"https:\/\/www.telegraf.rs\/vesti\/svet\/3914958-napadac-na-muza-nensi-pelosi-proglasen-krivim-i-na-sudu-drzave-kalifornije\" target=\"_blank\" rel=\"noopener\">Telegraph<\/a> PHOTO: YOUTUBE SCREENSHOT<\/p>","protected":false},"excerpt":{"rendered":"<p>Nakon \u0161to je pro\u0161le godine osu\u0111en na federalnom sudu, desni\u010darski teoreti\u010dar zavere koji je \u010deki\u0107em napao supruga biv\u0161e predsedavaju\u0107e Predstavni\u010dkog doma ameri\u010dkog Kongresa, demokratu Nancy Pelosi, progla\u0161en je krivim i na dr\u017eavnom sudu Kalifornije za niz optu\u017ebi, preneli su ameri\u010dki mediji. Porota u Kaliforniji osudila je Dejvida Depapea za otmicu, provalu, ograni\u010davanje slobode kretanja, pretnje [&hellip;]<\/p>\n","protected":false},"author":3,"featured_media":0,"comment_status":"","ping_status":"","sticky":false,"template":"","format":"standard","meta":{"footnotes":""},"categories":[368,369],"tags":[538,540,18761,42404,568,543],"class_list":["post-27197","post","type-post","status-publish","format-standard","hentry","category-vesti-amerika","category-vesti","tag-amerika","tag-kazna","tag-nancy-pelosi","tag-napadac","tag-sad","tag-zatvor"],"_links":{"self":[{"href":"https:\/\/chicagodesavanja.us\/en\/wp-json\/wp\/v2\/posts\/27197","targetHints":{"allow":["GET"]}}],"collection":[{"href":"https:\/\/chicagodesavanja.us\/en\/wp-json\/wp\/v2\/posts"}],"about":[{"href":"https:\/\/chicagodesavanja.us\/en\/wp-json\/wp\/v2\/types\/post"}],"author":[{"embeddable":true,"href":"https:\/\/chicagodesavanja.us\/en\/wp-json\/wp\/v2\/users\/3"}],"replies":[{"embeddable":true,"href":"https:\/\/chicagodesavanja.us\/en\/wp-json\/wp\/v2\/comments?post=27197"}],"version-history":[{"count":0,"href":"https:\/\/chicagodesavanja.us\/en\/wp-json\/wp\/v2\/posts\/27197\/revisions"}],"wp:attachment":[{"href":"https:\/\/chicagodesavanja.us\/en\/wp-json\/wp\/v2\/media?parent=27197"}],"wp:term":[{"taxonomy":"category","embeddable":true,"href":"https:\/\/chicagodesavanja.us\/en\/wp-json\/wp\/v2\/categories?post=27197"},{"taxonomy":"post_tag","embeddable":true,"href":"https:\/\/chicagodesavanja.us\/en\/wp-json\/wp\/v2\/tags?post=27197"}],"curies":[{"name":"WP","href":"https:\/\/api.w.org\/{rel}","templated":true}]}}