{"id":27158,"date":"2024-06-26T05:32:00","date_gmt":"2024-06-26T05:32:00","guid":{"rendered":"https:\/\/chicagodesavanja.us\/makron-francuskoj-preti-gradjanski-rat\/"},"modified":"2024-06-26T05:32:00","modified_gmt":"2024-06-26T05:32:00","slug":"makron-francuskoj-preti-gradjanski-rat","status":"publish","type":"post","link":"https:\/\/chicagodesavanja.us\/en\/vesti\/makron-francuskoj-preti-gradjanski-rat\/","title":{"rendered":"Makron: Francuskoj preti gra\u0111anski rat"},"content":{"rendered":"<p class=\"wp-block-paragraph\">Predsednik Francuske Emanuel Makron upozorio je da bi pobeda krajnje levice ili krajnje desnice na vanrednim parlamentarnim izborima mogla da izazove &#8222;gra\u0111anski rat\u201c u zemlji.<\/p>\n\n\n\n<p class=\"wp-block-paragraph\">Emanuel Makron\u00a0je rekao da su krajnje levi\u010darska koalicija \u201eNepokoreni\u201c i krajnje desni\u010darsko Nacionalno okupljanje\u00a0Marin Le Pen\u00a0vodili politiku podela, koja je podstakla tenzije.<\/p>\n\n\n\n<p class=\"wp-block-paragraph\">Odgovor krajnje desnice na nesigurnost \u201esvodi ljude na njihovu religiju ili njihovo poreklo\u201c i stoga \u201egura ljude ka gra\u0111anskom ratu\u201c, rekao je Makron u intervjuu za podkast \u201eGeneracijo, uradi to sama\u201c, prenosi Politiko.<\/p>\n\n\n\n<p class=\"wp-block-paragraph\">Krajnja levica, predvo\u0111ena\u00a0\u017dan-Likom Melan\u0161onom, podsti\u010de podele u svrhe izborne kampanje, \u201ekoje tako\u0111e promovi\u0161u gra\u0111anski rat, jer ljude svode na njihovu versku ili etni\u010dku grupu\u201c, kazao je Makron, dodav\u0161i da \u201eNepokoreni\u201c poku\u0161avaju da privuku muslimanske glasa\u010de svojim kriti\u010dnim stavom o izraelskom ratu u Gazi.<\/p>\n\n\n\n<p class=\"wp-block-paragraph\">Francuski predsednik izazvao je uzbunu, ne samo u Francuskoj, ve\u0107 u celoj Evropi, kada je raspisao vanredne izbore po\u0161to je njegovu koaliciju na evropskim izborima ubedljivo pobedilo Nacionalno okupljanje.<\/p>\n\n\n\n<p class=\"wp-block-paragraph\">Poslednje ankete pokazuju da \u0107e Nacionalno okupljanje u prvom krugu 30. juna osvojiti 35 odsto glasova, ispred levi\u010darskog saveza sa 27 i Makronove koalicija sa 19 odsto.<\/p>\n\n\n\n<p class=\"wp-block-paragraph\">Proteklih dana, saveznici francuskog predsednika upozoravali su na rizike sa kojima se Francuska suo\u010dava ako se bira\u010di okrenu krajnjoj desnici ili krajnjoj levici, a posebno su ukazivali na rizik od ekonomskih previranja.<\/p>\n\n\n\n<p class=\"wp-block-paragraph\">Makron je danas oti\u0161ao korak dalje, upozoravaju\u0107i na mogu\u0107nost \u201esukoba i gra\u0111anskog rata\u201c.<\/p>\n\n\n\n<p class=\"wp-block-paragraph\">\u201eKad vam je svega dosta, a svakodnevni \u017eivot je te\u017eak, mo\u017eete biti u isku\u0161enju da glasate za ekstreme koji imaju br\u017ea re\u0161enja, ali re\u0161enje nikada ne\u0107e biti odbacivanje drugih\u201c, kazao je francuski predsednik.<\/p>\n\n\n\n<p class=\"wp-block-paragraph\"><\/p>\n\n\n\n<p class=\"wp-block-paragraph\" style=\"font-size:10px\">SOURCE: <a href=\"https:\/\/n1info.rs\/svet\/makron-francuskoj-preti-gradjanski-rat\/\" target=\"_blank\" rel=\"noopener\">N1<\/a> PHOTO: SCREENSHOT<\/p>","protected":false},"excerpt":{"rendered":"<p>Predsednik Francuske Emanuel Makron upozorio je da bi pobeda krajnje levice ili krajnje desnice na vanrednim parlamentarnim izborima mogla da izazove &#8222;gra\u0111anski rat\u201c u zemlji. Emanuel Makron\u00a0je rekao da su krajnje levi\u010darska koalicija \u201eNepokoreni\u201c i krajnje desni\u010darsko Nacionalno okupljanje\u00a0Marin Le Pen\u00a0vodili politiku podela, koja je podstakla tenzije. Odgovor krajnje desnice na nesigurnost \u201esvodi ljude na [&hellip;]<\/p>\n","protected":false},"author":4,"featured_media":0,"comment_status":"","ping_status":"","sticky":false,"template":"","format":"standard","meta":{"footnotes":""},"categories":[431,369],"tags":[42343,39389,3232,530,42407,21852,17285],"class_list":["post-27158","post","type-post","status-publish","format-standard","hentry","category-svet","category-vesti","tag-desnica","tag-desnicari","tag-emanuel-makron","tag-francuska","tag-gradjanski-rat","tag-makron","tag-vanredni-izbori"],"_links":{"self":[{"href":"https:\/\/chicagodesavanja.us\/en\/wp-json\/wp\/v2\/posts\/27158","targetHints":{"allow":["GET"]}}],"collection":[{"href":"https:\/\/chicagodesavanja.us\/en\/wp-json\/wp\/v2\/posts"}],"about":[{"href":"https:\/\/chicagodesavanja.us\/en\/wp-json\/wp\/v2\/types\/post"}],"author":[{"embeddable":true,"href":"https:\/\/chicagodesavanja.us\/en\/wp-json\/wp\/v2\/users\/4"}],"replies":[{"embeddable":true,"href":"https:\/\/chicagodesavanja.us\/en\/wp-json\/wp\/v2\/comments?post=27158"}],"version-history":[{"count":0,"href":"https:\/\/chicagodesavanja.us\/en\/wp-json\/wp\/v2\/posts\/27158\/revisions"}],"wp:attachment":[{"href":"https:\/\/chicagodesavanja.us\/en\/wp-json\/wp\/v2\/media?parent=27158"}],"wp:term":[{"taxonomy":"category","embeddable":true,"href":"https:\/\/chicagodesavanja.us\/en\/wp-json\/wp\/v2\/categories?post=27158"},{"taxonomy":"post_tag","embeddable":true,"href":"https:\/\/chicagodesavanja.us\/en\/wp-json\/wp\/v2\/tags?post=27158"}],"curies":[{"name":"WP","href":"https:\/\/api.w.org\/{rel}","templated":true}]}}